{"id":51674,"date":"2016-08-02T07:46:49","date_gmt":"2016-08-02T10:46:49","guid":{"rendered":"http:\/\/argentinamunicipal.com.ar\/argentina\/?p=51674"},"modified":"2016-08-02T07:46:49","modified_gmt":"2016-08-02T10:46:49","slug":"papa-dijo-los-indices-desocupacion-pais-significativamente-altos","status":"publish","type":"post","link":"http:\/\/argentinamunicipal.com.ar\/argentina\/papa-dijo-los-indices-desocupacion-pais-significativamente-altos\/","title":{"rendered":"El Papa dijo que los \u00edndices de desocupaci\u00f3n en el pa\u00eds son \u00absignificativamente altos\u00bb"},"content":{"rendered":"<p>El sumo pont\u00edfice le escribi\u00f3 una carta al titular de la Conferencia Episcopal Argentina en la que alert\u00f3 sobre la gravedad de la situaci\u00f3n.<\/p>\n<p>El Papa Francisco advirti\u00f3 ayer que los \u00edndices de desocupaci\u00f3n en la Argentina son \u00absignificativamente altos\u00bb, al enviar una carta al presidente de la Conferencia Episcopal Argentina, monse\u00f1or Jos\u00e9 Mar\u00eda Arancedo, a pocos d\u00edas de la celebraci\u00f3n de San Cayetano.<\/p>\n<p>\u00abCuando pedimos trabajo, estamos pidiendo poder sentir dignidad. En esta celebraci\u00f3n de San Cayetano pedimos esa dignidad que nos confiere el trabajo\u00bb, subray\u00f3 el sumo pont\u00edfice en la misiva, en la que tambi\u00e9n resalt\u00f3 que en la Argentina es \u00abdif\u00edcil\u00bb conseguir empleo.<\/p>\n<p>En la carta, el Papa afirm\u00f3 que \u00abuna cosa es tener pan para comer en casa y otra es llevarlo a casa como fruto del trabajo\u00bb, y enfatiz\u00f3 que eso \u00faltimo \u00abes lo que le confiere dignidad\u00bb a la persona.<\/p>\n<p>\u00abDentro de pocos d\u00edas celebramos la fiesta de San Cayetano. Por medio tuyo, quiero hacer llegar mi saludo y bendici\u00f3n a tantos hombres y mujeres que se congregar\u00e1n en los diversos templos del pa\u00eds dedicados al santo para pedir pan y trabajo o para agradecer el hecho de que no les falte\u00bb, comienza la carta difundida por la sala de prensa de la Santa Sede.<\/p>\n<p>En la previa de la celebraci\u00f3n de San Cayetano, prevista para el domingo pr\u00f3ximo, Francisco destac\u00f3 la importancia del \u00abtrabajo, esa T que, junto con las otras dos T (techo y tierra), est\u00e1 en el entramado b\u00e1sico de los derechos humanos\u00bb.<\/p>\n<p>Al respecto, el Papa insisti\u00f3: \u00abCuando pedimos trabajo para llevar el pan a casa, estamos pidiendo dignidad\u00bb.<\/p>\n<p>\u00abEl trabajo es tan dif\u00edcil lograrlo, sobre todo cuando seguimos viviendo momentos en los cuales los \u00edndices de desocupaci\u00f3n son significativamente altos. El pan te soluciona una parte del problema, pero a medias, porque ese pan no es el que gan\u00e1s con tu trabajo\u00bb, expres\u00f3 en uno de los pasajes de la misiva.<\/p>\n<p>Asimismo, subray\u00f3: \u00abLa sabidur\u00eda de nuestro pueblo usa un dicho para calificar a quien, pudiendo trabajar, no lo hace. Nuestra gente menosprecia a quienes viven de arriba, porque arteramente atisban en ellos una cierta falta de dignidad\u00bb.<\/p>\n<p>Seg\u00fan la Universidad Cat\u00f3lica Argentina (UCA), m\u00e1s 11 millones de personas en la Argentina tienen problemas de empleo, lo que representa el 57 por ciento del total de los trabajadores.<\/p>\n<h6>Fuente: La Capital Rosario<\/h6>\n","protected":false},"excerpt":{"rendered":"<p>El sumo pont\u00edfice le escribi\u00f3 una carta al titular de la Conferencia Episcopal Argentina en la que alert\u00f3 sobre la gravedad de la situaci\u00f3n<\/p>\n","protected":false},"author":2,"featured_media":51675,"comment_status":"closed","ping_status":"closed","sticky":false,"template":"","format":"standard","meta":{"footnotes":""},"categories":[8],"tags":[21],"class_list":["post-51674","post","type-post","status-publish","format-standard","has-post-thumbnail","hentry","category-informe-nacional","tag-argentina"],"_links":{"self":[{"href":"http:\/\/argentinamunicipal.com.ar\/argentina\/wp-json\/wp\/v2\/posts\/51674","targetHints":{"allow":["GET"]}}],"collection":[{"href":"http:\/\/argentinamunicipal.com.ar\/argentina\/wp-json\/wp\/v2\/posts"}],"about":[{"href":"http:\/\/argentinamunicipal.com.ar\/argentina\/wp-json\/wp\/v2\/types\/post"}],"author":[{"embeddable":true,"href":"http:\/\/argentinamunicipal.com.ar\/argentina\/wp-json\/wp\/v2\/users\/2"}],"replies":[{"embeddable":true,"href":"http:\/\/argentinamunicipal.com.ar\/argentina\/wp-json\/wp\/v2\/comments?post=51674"}],"version-history":[{"count":0,"href":"http:\/\/argentinamunicipal.com.ar\/argentina\/wp-json\/wp\/v2\/posts\/51674\/revisions"}],"wp:featuredmedia":[{"embeddable":true,"href":"http:\/\/argentinamunicipal.com.ar\/argentina\/wp-json\/wp\/v2\/media\/51675"}],"wp:attachment":[{"href":"http:\/\/argentinamunicipal.com.ar\/argentina\/wp-json\/wp\/v2\/media?parent=51674"}],"wp:term":[{"taxonomy":"category","embeddable":true,"href":"http:\/\/argentinamunicipal.com.ar\/argentina\/wp-json\/wp\/v2\/categories?post=51674"},{"taxonomy":"post_tag","embeddable":true,"href":"http:\/\/argentinamunicipal.com.ar\/argentina\/wp-json\/wp\/v2\/tags?post=51674"}],"curies":[{"name":"wp","href":"https:\/\/api.w.org\/{rel}","templated":true}]}}