{"id":51677,"date":"2016-08-02T07:51:13","date_gmt":"2016-08-02T10:51:13","guid":{"rendered":"http:\/\/argentinamunicipal.com.ar\/argentina\/?p=51677"},"modified":"2016-08-02T07:51:13","modified_gmt":"2016-08-02T10:51:13","slug":"la-inflacion-miden-los-gremios-se-ubico-27-ciento-junio","status":"publish","type":"post","link":"http:\/\/argentinamunicipal.com.ar\/argentina\/la-inflacion-miden-los-gremios-se-ubico-27-ciento-junio\/","title":{"rendered":"La inflaci\u00f3n que miden los gremios se ubic\u00f3 en el 2,7 por ciento durante junio"},"content":{"rendered":"<p>El \u00edndice de inflaci\u00f3n relevado por la Universidad Metropolitana para la Educaci\u00f3n y el Trabajo (Umet) registr\u00f3 en junio un incremento de 2,7 por ciento mensual y de 46 por ciento interanual.<\/p>\n<p>\u00abLos n\u00fameros de inflaci\u00f3n y desempleo se van a ir agravando en los pr\u00f3ximos meses\u00bb, dijo el presidente de APA, Edgardo Llano, al cuestionar la pol\u00edtica antiinflacionaria del gobierno.<\/p>\n<p>El \u00edndice de inflaci\u00f3n relevado por la Universidad Metropolitana para la Educaci\u00f3n y el Trabajo (Umet) registr\u00f3 en junio un incremento de 2,7 por ciento mensual y de 46 por ciento interanual.<\/p>\n<p>Este relevamiento es el segundo Indice de Inflaci\u00f3n de los Trabajadores (IIT) relevado por la universidad y por el Instituto Estad\u00edstico de los Trabajadores (IET), a partir de una iniciativa desarrollada por esa casa de estudios, el Conicet y m\u00e1s de 45 organizaciones sindicales de la CGT y la CTA.<\/p>\n<p>La suba de 2,7 por ciento de junio es inferior al dato publicado por el Instituto Nacional de Estad\u00edstica y Censos (Indec), que calcul\u00f3 un avance del Indice de Precios al Consumidor de 3,1 por ciento.<\/p>\n<p>De acuerdo al informe, el dato interanual contempl\u00f3 que el aumento del costo de vida se debi\u00f3 al avance de los precios de alimentos y bebidas (29.4 por ciento), vivienda y sus servicios (19 por ciento) y transporte y comunicaciones (17 por ciento), aportando 65,4 por ciento del total de la inflaci\u00f3n entre junio de 2015 y mismo mes de 2016.<\/p>\n<p>En tanto, se calcul\u00f3 una inflaci\u00f3n mayor entre los trabajadores registrados de menores ingresos con respecto de los de mejor salarios. En cuanto a la ca\u00edda del salario real, marc\u00f3 9,9 por cientoentre noviembre de 2015 y junio de este a\u00f1o.<\/p>\n<p>Estuvieron en la presentaci\u00f3n del \u00edndice los secretarios generales Horacio Ghilini (Sadop), Hugo Yasky (CTA), Sergio Palazzo (Bancarios), Rodolfo Daer (Alimentaci\u00f3n) y Roberto Baradel (Suteba), entre otros.<\/p>\n<p>Con duras cr\u00edticas a la pol\u00edtica econ\u00f3mica del gobierno de Mauricio Macri, los jefes gremiales advirtieron que las medidas oficiales del primer semestre \u00abno hicieron m\u00e1s que impulsar la inflaci\u00f3n a niveles r\u00e9cord\u00bb desde la salida de la convertibilidad.<\/p>\n<p>\u00abLos n\u00fameros de inflaci\u00f3n y desempleo se van a ir agravando en los pr\u00f3ximos meses\u00bb, dijo el presidente de la Asociaci\u00f3n de Personal Aeron\u00e1utico (APA), Edgardo Llano, al cuestionar la pol\u00edtica antiinflacionaria del gobierno.<\/p>\n<p>Por otra parte, Palazzo se\u00f1al\u00f3 que \u00abest\u00e1n dadas las condiciones para que todos los gremios pidan la reapertura\u00bb.<\/p>\n<p>\u00abNo hace falta esperar la reunificaci\u00f3n de la CGT\u00bb, dijo.<\/p>\n<h6>Fuente: La Capital Rosario<\/h6>\n","protected":false},"excerpt":{"rendered":"<p>El \u00edndice de inflaci\u00f3n relevado por la Universidad Metropolitana para la Educaci\u00f3n y el Trabajo (Umet) registr\u00f3 en junio un incremento de 2,7 por ciento mensual y de 46 por ciento interanual.<\/p>\n","protected":false},"author":2,"featured_media":51678,"comment_status":"closed","ping_status":"closed","sticky":false,"template":"","format":"standard","meta":{"footnotes":""},"categories":[8],"tags":[21],"class_list":["post-51677","post","type-post","status-publish","format-standard","has-post-thumbnail","hentry","category-informe-nacional","tag-argentina"],"_links":{"self":[{"href":"http:\/\/argentinamunicipal.com.ar\/argentina\/wp-json\/wp\/v2\/posts\/51677","targetHints":{"allow":["GET"]}}],"collection":[{"href":"http:\/\/argentinamunicipal.com.ar\/argentina\/wp-json\/wp\/v2\/posts"}],"about":[{"href":"http:\/\/argentinamunicipal.com.ar\/argentina\/wp-json\/wp\/v2\/types\/post"}],"author":[{"embeddable":true,"href":"http:\/\/argentinamunicipal.com.ar\/argentina\/wp-json\/wp\/v2\/users\/2"}],"replies":[{"embeddable":true,"href":"http:\/\/argentinamunicipal.com.ar\/argentina\/wp-json\/wp\/v2\/comments?post=51677"}],"version-history":[{"count":0,"href":"http:\/\/argentinamunicipal.com.ar\/argentina\/wp-json\/wp\/v2\/posts\/51677\/revisions"}],"wp:featuredmedia":[{"embeddable":true,"href":"http:\/\/argentinamunicipal.com.ar\/argentina\/wp-json\/wp\/v2\/media\/51678"}],"wp:attachment":[{"href":"http:\/\/argentinamunicipal.com.ar\/argentina\/wp-json\/wp\/v2\/media?parent=51677"}],"wp:term":[{"taxonomy":"category","embeddable":true,"href":"http:\/\/argentinamunicipal.com.ar\/argentina\/wp-json\/wp\/v2\/categories?post=51677"},{"taxonomy":"post_tag","embeddable":true,"href":"http:\/\/argentinamunicipal.com.ar\/argentina\/wp-json\/wp\/v2\/tags?post=51677"}],"curies":[{"name":"wp","href":"https:\/\/api.w.org\/{rel}","templated":true}]}}