{"id":51680,"date":"2016-08-02T05:51:41","date_gmt":"2016-08-02T08:51:41","guid":{"rendered":"http:\/\/argentinamunicipal.com.ar\/argentina\/?p=51680"},"modified":"2016-08-02T07:54:20","modified_gmt":"2016-08-02T10:54:20","slug":"arranco-mes-cargado-protestas","status":"publish","type":"post","link":"http:\/\/argentinamunicipal.com.ar\/argentina\/arranco-mes-cargado-protestas\/","title":{"rendered":"Arranc\u00f3 un mes cargado de protestas"},"content":{"rendered":"<p>Comenz\u00f3 con los reclamos de los gremios docentes, que retrasaron el inicio de clases en seis provincias, y continuar\u00e1 con una peregrinaci\u00f3n el 7 de agosto que ir\u00e1 desde San Cayetano a Casa Rosada. Continuar\u00e1 el 11 con paro de estatales y podr\u00eda cerrar el 24 con una \u00abmarcha federal\u00bb que re\u00fana nuevamente a la CTA y la CGT.<\/p>\n<p>Agosto comenz\u00f3 un lunes y marca la vuelta despu\u00e9s del receso invernal. Pero, adem\u00e1s de eso, tambi\u00e9n quedar\u00e1 signado como un mes de protestas, paros y movilizaciones. El lunes, de hecho, la primera medida de fuerza fue impulsada por los gremios docentes, que piden reapertura de paritarias en seis provincias: Buenos Aires, Catamarca, Chaco, Misiones, Santa Cruz y Tierra del Fuego.<\/p>\n<p>Lo cierto es que, a lo largo de este octavo mes, tambi\u00e9n se manifestar\u00e1n organizaciones sociales y los principales sindicatos del pa\u00eds, CTA y CGT, que confluir\u00e1n en una \u201cmarcha federal\u201d prevista para el 24, una vez que se haya definido la unificaci\u00f3n en la \u00faltima.<\/p>\n<p>En la primera medida de fuerza confluyen ATE, SUTEBA, FDA, FEB y UDOCBA y, aunque las consignas son las mismas, la extensi\u00f3n y modalidad empleada son distintas.<\/p>\n<p>Mientras que ATE y UDOCBA parar\u00e1n tambi\u00e9n hoy, en el caso de la FEB y CTA-Suteba, la medida fue s\u00f3lo este lunes.<\/p>\n<p>En todos los casos, apuntan a meter presi\u00f3n con miras al 9 de agosto, cuando se retomar\u00e1n las negociaciones paritarias.<\/p>\n<p>La pr\u00f3xima movilizaci\u00f3n tendr\u00e1 lugar el domingo, en coincidencia con San Cayetano. El 7 de agosto, la Central de Trabajadores de la Econom\u00eda Popular (CTEP), el Movimiento Evita, Barrios de Pie y la Corriente Clasista y Combativa, recorrer\u00e1n 15 kil\u00f3metros desde la capilla de San Cayetano en Liniers hasta la Casa Rosada.<\/p>\n<p>\u201cQueremos demostrar el descontento que hay hacia las pol\u00edticas que toma Mauricio Macri y la falta de sensibilidad social con un ajuste brutal y sin ninguna resoluci\u00f3n de los problemas m\u00e1s concretos que tenemos en el territorio\u201d, hab\u00eda expresado Juan Navarro, referente del Movimiento Evita en Lomas de Zamora, a este medio.<\/p>\n<p>Cuatro d\u00edas despu\u00e9s, el 11 de agosto, ser\u00e1 el turno de los estatales, que realizar\u00e1n un nuevo paro nacional para exigir la reincorporaci\u00f3n de trabajadores despedidos y el cumplimiento de la ley marco de regulaci\u00f3n del empleo estatal. La protesta, que contemplar\u00e1 una movilizaci\u00f3n a la Plaza de Mayo, contar\u00e1 con el respaldo del Movimiento Evita, Barrios de Pie y la agrupaci\u00f3n que re\u00fane a los cooperativistas CTEP.<\/p>\n<p>Aunque desde la CTA esperaban que la CGT confluyera en esta medida de fuerza, desde la central referenciada en las tres fracciones encabezadas por Hugo Moyano, Luis Barrionuevo y Antonio Cal\u00f3, decidieron optar primero por la reunificaci\u00f3n y despu\u00e9s por las protestas. As\u00ed, se espera que unos d\u00edas despu\u00e9s del Congreso normalizador del 22 que una formalmente a los tres sectores (algunos especulan el 24) se realice la \u201cmarcha federal\u201d entre todos los sectores.<\/p>\n<p>En este caso, los principales ejes del reclamo ser\u00e1n la reapertura paritaria, la creaci\u00f3n de puestos de trabajo y la modificaci\u00f3n del Impuesto a las Ganancias.<\/p>\n<h6>Fuente: InfoRegi\u00f3n<\/h6>\n","protected":false},"excerpt":{"rendered":"<p>Comenz\u00f3 con los reclamos de los gremios docentes, que retrasaron el inicio de clases en seis provincias, y continuar\u00e1 con una peregrinaci\u00f3n el 7 de agosto que ir\u00e1 desde San Cayetano a Casa Rosada. <\/p>\n","protected":false},"author":2,"featured_media":51681,"comment_status":"closed","ping_status":"closed","sticky":false,"template":"","format":"standard","meta":{"footnotes":""},"categories":[8],"tags":[21],"class_list":["post-51680","post","type-post","status-publish","format-standard","has-post-thumbnail","hentry","category-informe-nacional","tag-argentina"],"_links":{"self":[{"href":"http:\/\/argentinamunicipal.com.ar\/argentina\/wp-json\/wp\/v2\/posts\/51680","targetHints":{"allow":["GET"]}}],"collection":[{"href":"http:\/\/argentinamunicipal.com.ar\/argentina\/wp-json\/wp\/v2\/posts"}],"about":[{"href":"http:\/\/argentinamunicipal.com.ar\/argentina\/wp-json\/wp\/v2\/types\/post"}],"author":[{"embeddable":true,"href":"http:\/\/argentinamunicipal.com.ar\/argentina\/wp-json\/wp\/v2\/users\/2"}],"replies":[{"embeddable":true,"href":"http:\/\/argentinamunicipal.com.ar\/argentina\/wp-json\/wp\/v2\/comments?post=51680"}],"version-history":[{"count":0,"href":"http:\/\/argentinamunicipal.com.ar\/argentina\/wp-json\/wp\/v2\/posts\/51680\/revisions"}],"wp:featuredmedia":[{"embeddable":true,"href":"http:\/\/argentinamunicipal.com.ar\/argentina\/wp-json\/wp\/v2\/media\/51681"}],"wp:attachment":[{"href":"http:\/\/argentinamunicipal.com.ar\/argentina\/wp-json\/wp\/v2\/media?parent=51680"}],"wp:term":[{"taxonomy":"category","embeddable":true,"href":"http:\/\/argentinamunicipal.com.ar\/argentina\/wp-json\/wp\/v2\/categories?post=51680"},{"taxonomy":"post_tag","embeddable":true,"href":"http:\/\/argentinamunicipal.com.ar\/argentina\/wp-json\/wp\/v2\/tags?post=51680"}],"curies":[{"name":"wp","href":"https:\/\/api.w.org\/{rel}","templated":true}]}}