{"id":51686,"date":"2016-08-02T05:01:09","date_gmt":"2016-08-02T08:01:09","guid":{"rendered":"http:\/\/argentinamunicipal.com.ar\/argentina\/?p=51686"},"modified":"2016-08-02T08:03:22","modified_gmt":"2016-08-02T11:03:22","slug":"misiones-los-militares","status":"publish","type":"post","link":"http:\/\/argentinamunicipal.com.ar\/argentina\/misiones-los-militares\/","title":{"rendered":"Misiones para los militares"},"content":{"rendered":"<p>Como en campa\u00f1a, repiti\u00f3 \u201cfijamos tres l\u00edneas: caminar hacia una Argentina con pobreza cero, enfrentar y derrotar al narcotr\u00e1fico y unir a los argentinos\u201d, y agreg\u00f3 \u201cen todas necesitamos a las Fuerzas Armadas\u201d, haciendo caso omiso de las leyes.<\/p>\n<p>El presidente Mauricio Macri encabez\u00f3 su primera cena de camarader\u00eda con la c\u00fapula de las Fuerzas Armadas. Luego de reinstaurar los desfiles militares en el centro de las celebraciones del Bicentenario de la Independencia, Macri les indic\u00f3 a los uniformados: \u201cFijamos tres l\u00edneas: caminar hacia una Argentina con pobreza cero, enfrentar y derrotar al narcotr\u00e1fico y unir a los argentinos. En todas ellas necesitaba de las Fuerzas Armadas\u201d. Nada dijo sobre si piensa modificar las leyes de Defensa y Seguridad para habilitar la intervenci\u00f3n militar en \u201cla lucha contra el narcotr\u00e1fico\u201d.<\/p>\n<p>Acompa\u00f1ado por el jefe de Gabinete, Marcos Pe\u00f1a, y el ministro de Defensa, Julio Mart\u00ednez, Macri fue recibido en la cena en el Edificio Libertador por el jefe del Estado Mayor Conjunto, general de brigada Bari del Valle Sosa; el jefe del Ej\u00e9rcito, general de brigada Diego Su\u00f1er; el jefe de la Armada, vicealmirante Marcelo Eduardo Srur; y el de la Fuerza A\u00e9rea, brigadier Enrique Amrein. Tambi\u00e9n estuvo presente la ministra de Seguridad, Patricia Bullrich.<\/p>\n<p>Mientras circulaban las copas de champagne, el presidente dio un breve discurso (dur\u00f3 siete minutos) en el que ensalz\u00f3 el lugar que ocupan las Fuerzas Armadas.<\/p>\n<p>\u201cUnir a los argentinos es un desaf\u00edo que tiene que ver con dejar la confrontaci\u00f3n y buscar la coincidencia y el di\u00e1logo\u201d, les indic\u00f3. Sobre los desfiles militares, asegur\u00f3: \u201cCreo que todos compartimos un d\u00eda de mucha alegr\u00eda el 9 de Julio, en el que pudieron ver en Tucum\u00e1n y despu\u00e9s en la Ciudad de Buenos Aires el desfile\u201d. \u201cDesfile en el que por primera vez participaron los ex combatientes de Malvinas\u201d, afirm\u00f3 Macri sobre la columna que tuvo entre sus integrantes al ex carapintada Aldo Rico y a Emilio Nani, quien reivindica lo actuado durante la dictadura. El Presidente, cuando una periodista mexicana le pregunt\u00f3 este fin de semana si le molestaba la presencia de esas dos personas, respondi\u00f3: \u201cNo, no. Trato de que la gente ac\u00e1 se exprese con libertad\u201d.<\/p>\n<p>Macri hab\u00eda dicho en discursos anteriores que las Fuerzas Armadas \u201cvienen de a\u00f1os en las que se las ignor\u00f3 y abandon\u00f3\u201d. De hecho, desde el Gobierno volvieron a abrirle las puertas a las distintas organizaciones que consideran \u201cpresos pol\u00edticos\u201d a los condenados por delitos de lesa humanidad. El ministro de Justicia, Germ\u00e1n Garavano, tuvo una reuni\u00f3n con la activista pro represores Cecilia Pando, mientras que el secretario de Derechos Humanos nacional, Claudio Avruj, recibi\u00f3 a los integrantes del Centro de Estudios Legales sobre el Terrorismo y sus V\u00ecctimas (Celtyv). En un comunicado, indicaron que \u201ccontentos de haber dado este importante primer paso que se suma a los 10 a\u00f1os de trabajo que llevamos adelante y as\u00ed irnos dirigiendo lentamente hacia un pa\u00eds con inclusi\u00f3n y una visi\u00f3n mas integral de lo ocurrido en la dolorosa d\u00e9cada del 70\u201d.<\/p>\n<p>Anoche Macri convoc\u00f3 a las Fuerzas Armadas a cumplir \u201cun rol preponderante en esta nueva etapa\u201d. Les se\u00f1al\u00f3 que tendr\u00e1n mayor protagonismo para \u201cparticipar del control de fronteras, la lucha contra el narcotr\u00e1fico y la colaboraci\u00f3n en situaciones de emergencias clim\u00e1ticas\u201d.<\/p>\n<p>El anuncio de la noche m\u00e1s esperado para los militares no lleg\u00f3: Macri no les inform\u00f3 ning\u00fan aumento salarial, aunque reconoci\u00f3 que durante \u201ca\u00f1os ha habido un problema severo en el reconocimiento salarial al trabajo que ustedes realizan\u201d. \u201cHemos empezado a hacer la recomposici\u00f3n, con toda la intenci\u00f3n de lograr un reconocimiento a los retirados\u201d, afirm\u00f3. En tanto, el ministro de Defensa les anticip\u00f3 una l\u00ednea de cr\u00e9ditos para vivienda a militares por 1400 millones de pesos.<\/p>\n<p>\u201cLos argentinos necesitamos una participaci\u00f3n activa de las fuerzas: para crecer, desarrollarnos y generar empleo tiene que haber paz y tranquilidad\u201d, indic\u00f3. \u201cSon muchas las tareas y estamos en una \u00e9poca de escasos recursos. Con inteligencia, vamos a encontrar c\u00f3mo modernizar, c\u00f3mo evolucionar y estar a la altura de los desaf\u00edos que nos planteamos\u201d, destac\u00f3.<\/p>\n<p>Al final de su discurso, Macri se qued\u00f3 a compartir la cena con la c\u00fapula de las Fuerzas Armadas. Degustaron una entrada de pavita y jam\u00f3n glaseado, pat\u00e9 de la maison y mix de hojas verdes, un solomillo de cerdo laqueado a la miel y chutney de manzanas y, como postre, un capuccino de maracuy\u00e1 acaramelado con ar\u00e1ndanos.<\/p>\n<h6>Fuente: P\u00e1gina 12<\/h6>\n","protected":false},"excerpt":{"rendered":"<p>Como en campa\u00f1a, repiti\u00f3 \u201cfijamos tres l\u00edneas: caminar hacia una Argentina con pobreza cero, enfrentar y derrotar al narcotr\u00e1fico y unir a los argentinos\u201d, y agreg\u00f3 \u201cen todas necesitamos a las Fuerzas Armadas\u201d, haciendo caso omiso de las leyes.<\/p>\n","protected":false},"author":2,"featured_media":51687,"comment_status":"closed","ping_status":"closed","sticky":false,"template":"","format":"standard","meta":{"footnotes":""},"categories":[8],"tags":[21],"class_list":["post-51686","post","type-post","status-publish","format-standard","has-post-thumbnail","hentry","category-informe-nacional","tag-argentina"],"_links":{"self":[{"href":"http:\/\/argentinamunicipal.com.ar\/argentina\/wp-json\/wp\/v2\/posts\/51686","targetHints":{"allow":["GET"]}}],"collection":[{"href":"http:\/\/argentinamunicipal.com.ar\/argentina\/wp-json\/wp\/v2\/posts"}],"about":[{"href":"http:\/\/argentinamunicipal.com.ar\/argentina\/wp-json\/wp\/v2\/types\/post"}],"author":[{"embeddable":true,"href":"http:\/\/argentinamunicipal.com.ar\/argentina\/wp-json\/wp\/v2\/users\/2"}],"replies":[{"embeddable":true,"href":"http:\/\/argentinamunicipal.com.ar\/argentina\/wp-json\/wp\/v2\/comments?post=51686"}],"version-history":[{"count":0,"href":"http:\/\/argentinamunicipal.com.ar\/argentina\/wp-json\/wp\/v2\/posts\/51686\/revisions"}],"wp:featuredmedia":[{"embeddable":true,"href":"http:\/\/argentinamunicipal.com.ar\/argentina\/wp-json\/wp\/v2\/media\/51687"}],"wp:attachment":[{"href":"http:\/\/argentinamunicipal.com.ar\/argentina\/wp-json\/wp\/v2\/media?parent=51686"}],"wp:term":[{"taxonomy":"category","embeddable":true,"href":"http:\/\/argentinamunicipal.com.ar\/argentina\/wp-json\/wp\/v2\/categories?post=51686"},{"taxonomy":"post_tag","embeddable":true,"href":"http:\/\/argentinamunicipal.com.ar\/argentina\/wp-json\/wp\/v2\/tags?post=51686"}],"curies":[{"name":"wp","href":"https:\/\/api.w.org\/{rel}","templated":true}]}}