{"id":51701,"date":"2016-08-02T05:00:34","date_gmt":"2016-08-02T08:00:34","guid":{"rendered":"http:\/\/argentinamunicipal.com.ar\/argentina\/?p=51701"},"modified":"2016-08-02T08:25:21","modified_gmt":"2016-08-02T11:25:21","slug":"parana-muchos-locales-desocupados-comerciantes-analizan-cerrar","status":"publish","type":"post","link":"http:\/\/argentinamunicipal.com.ar\/argentina\/parana-muchos-locales-desocupados-comerciantes-analizan-cerrar\/","title":{"rendered":"En Paran\u00e1\u00a0hay muchos locales desocupados y comerciantes que analizan cerrar\u00a0"},"content":{"rendered":"<p>El informe realizado por el Centro de An\u00e1lisis Sociales y Econ\u00f3micos de la Federaci\u00f3n Econ\u00f3mica de Ente R\u00edos se\u00f1ala que en el microcentro de Paran\u00e1 hay un 9% de locales desocupados y un 12% de comercios que eval\u00faa cerrar.<\/p>\n<p>De un estudio realizado en Paran\u00e1 en locales del microcentro de Paran\u00e1 que e incluy\u00f3 galer\u00edas pero no el shopping, se desprende que de un total de 556 locales, 504 est\u00e1n ocupados y 52 se encuentran desocupados, lo que representa el 9 %. Asimismo, el relevamiento profundiz\u00f3 en las pretensiones de los comerciantes de continuar con la actividad. El 12 % eval\u00faa cerrar antes de fin de a\u00f1o.<\/p>\n<p>Los datos fueron solicitados a la Federaci\u00f3n Econ\u00f3mica de Entre R\u00edos por parte de la Confederaci\u00f3n Argentina de la Mediana Empresa (CAME) para ser analizados. El relevamiento fue realizado en julio, en la zona del microcentro e incluy\u00f3 a las calles San Mart\u00edn, Laprida, Buenos Aires, Pellegrini, Santa Fe, Italia, 25 de Junio, Cervantes, Urquiza, Espa\u00f1a, Per\u00fa, Chile, Venezuela y Bavio.<\/p>\n<p>Fernando Lenard\u00f3n, director del Centro de An\u00e1lisis Sociales y Econ\u00f3micos de la Feder, que tuvo a cargo la tarea, dio detalles del informe.<\/p>\n<p>\u00abRelevamos un total de 556 locales, de los cuales 52 estaban cerrados y representan el 9 %. De los 504 abiertos, 23 no nos respondieron. Fueron 481 los que nos dijeron si segu\u00edan o no. De ese n\u00famero los que manifestaron que segu\u00edan son 419, es decir, el 83 % sobre el total de los encuestados. Los que no seguir\u00edan son 62, es decir, hay un 12 % que estar\u00eda cerrando antes de fin de a\u00f1o\u00bb, detall\u00f3 a El Diario.<\/p>\n<p>De acuerdo con los datos, del grupo de comercios que manifestaron su pretensi\u00f3n de no continuar, 33 argumentaron que se deb\u00eda a la baja en las ventas y los otros 29 a los costos, ente los cuales muchos se refirieron espec\u00edficamente al valor de los alquileres. \u00abUnos por los egresos y otros por los bajos ingresos\u00bb, sintetiz\u00f3.<\/p>\n<p>Preocupaci\u00f3n. Lenard\u00f3n cont\u00f3 que se trata del primer relevamiento de este tipo que realiza la Federaci\u00f3n, que s\u00ed ha recabado datos sobe pecios o venta ilegal en el microcentro.<\/p>\n<p>Remarc\u00f3 que los resultados dan cuenta por un lado de un dato objetivo, como el de la cantidad de locales cerrados, pero adem\u00e1s \u00abmarca m\u00e1s que nada el estado de \u00e1nimo de los comerciantes\u00bb.<\/p>\n<p>El director del Centro expres\u00f3 tambi\u00e9n: \u00abCreo que esto merece un an\u00e1lisis m\u00e1s serio, que no realizamos porque se nos contact\u00f3 para hacer el relevamiento, no para efectuar el an\u00e1lisis\u00bb, detall\u00f3. No obstante, indic\u00f3, \u00abpreocupa que haya un 9 % de locales cerrados, como tambi\u00e9n ese 12 % que est\u00e1 analizando cerrar, aunque despu\u00e9s no lo vaya a concretar\u00bb, dijo.<\/p>\n<p>En este punto, se\u00f1al\u00f3 que se trata de \u00abla perspectiva del comerciante y puede que el d\u00eda de la encuesta haya estado de un modo particular. Es subjetivo y hay un margen de error. De cualquier manera preocupa que ese porcentaje est\u00e9 pensando en no seguir en la actividad\u00bb.<\/p>\n<p>Para contextualizar, \u00abcuando se realiz\u00f3 el relevamiento est\u00e1bamos con la noticia del aumento de las tarifas y no fue el mejor momento si hablamos de \u00e1nimos. Eso entrar\u00eda dentro de los costos de los cuales manifestaban malestar\u00bb, sostuvo y agreg\u00f3: \u00abHabr\u00eda que hacer otro en este semestre, aunque al momento no se han visto cambios\u00bb.<\/p>\n<p>En otro orden, consultado por la incidencia de otros factores coment\u00f3 que:<br \/>\n\u00abEn Paran\u00e1 hay una competencia desleal muy grande\u00bb y se\u00f1al\u00f3 que tambi\u00e9n \u00abel costo tributario es un aspecto que preocupa y se ha planteado a las autoridades\u00bb.<\/p>\n<p><strong>En Peatonal<\/strong><br \/>\nEn Peatonal San Mart\u00edn hay 207 locales, de los cuales hay 10 desocupados y 197 abiertos. De estos \u00faltimos, 6 no respondieron, mientras que 169 indicaron que continuar\u00edan con la actividad y 22 que cerrar\u00edan.<\/p>\n<h6>Fuente: El Once<\/h6>\n","protected":false},"excerpt":{"rendered":"<p>El informe realizado por el Centro de An\u00e1lisis Sociales y Econ\u00f3micos de la Federaci\u00f3n Econ\u00f3mica de Ente R\u00edos se\u00f1ala que en el microcentro de Paran\u00e1 hay un 9% de locales desocupados y un 12% de comercios que eval\u00faa cerrar.<\/p>\n","protected":false},"author":2,"featured_media":51702,"comment_status":"closed","ping_status":"closed","sticky":false,"template":"","format":"standard","meta":{"footnotes":""},"categories":[2],"tags":[17],"class_list":["post-51701","post","type-post","status-publish","format-standard","has-post-thumbnail","hentry","category-informe-municipal","tag-entre-rios"],"_links":{"self":[{"href":"http:\/\/argentinamunicipal.com.ar\/argentina\/wp-json\/wp\/v2\/posts\/51701","targetHints":{"allow":["GET"]}}],"collection":[{"href":"http:\/\/argentinamunicipal.com.ar\/argentina\/wp-json\/wp\/v2\/posts"}],"about":[{"href":"http:\/\/argentinamunicipal.com.ar\/argentina\/wp-json\/wp\/v2\/types\/post"}],"author":[{"embeddable":true,"href":"http:\/\/argentinamunicipal.com.ar\/argentina\/wp-json\/wp\/v2\/users\/2"}],"replies":[{"embeddable":true,"href":"http:\/\/argentinamunicipal.com.ar\/argentina\/wp-json\/wp\/v2\/comments?post=51701"}],"version-history":[{"count":0,"href":"http:\/\/argentinamunicipal.com.ar\/argentina\/wp-json\/wp\/v2\/posts\/51701\/revisions"}],"wp:featuredmedia":[{"embeddable":true,"href":"http:\/\/argentinamunicipal.com.ar\/argentina\/wp-json\/wp\/v2\/media\/51702"}],"wp:attachment":[{"href":"http:\/\/argentinamunicipal.com.ar\/argentina\/wp-json\/wp\/v2\/media?parent=51701"}],"wp:term":[{"taxonomy":"category","embeddable":true,"href":"http:\/\/argentinamunicipal.com.ar\/argentina\/wp-json\/wp\/v2\/categories?post=51701"},{"taxonomy":"post_tag","embeddable":true,"href":"http:\/\/argentinamunicipal.com.ar\/argentina\/wp-json\/wp\/v2\/tags?post=51701"}],"curies":[{"name":"wp","href":"https:\/\/api.w.org\/{rel}","templated":true}]}}