{"id":51704,"date":"2016-08-02T08:28:22","date_gmt":"2016-08-02T11:28:22","guid":{"rendered":"http:\/\/argentinamunicipal.com.ar\/argentina\/?p=51704"},"modified":"2016-08-02T08:28:22","modified_gmt":"2016-08-02T11:28:22","slug":"parana-desde-rige-la-separacion-origen-se-reciclaron-420-toneladas-residuos","status":"publish","type":"post","link":"http:\/\/argentinamunicipal.com.ar\/argentina\/parana-desde-rige-la-separacion-origen-se-reciclaron-420-toneladas-residuos\/","title":{"rendered":"Paran\u00e1: Desde que rige la separaci\u00f3n en origen se reciclaron 420 toneladas de residuos"},"content":{"rendered":"<p>Hace cuatro meses que comenz\u00f3 a implementarse el programa de clasificaci\u00f3n de residuos s\u00f3lidos urbanos \u201cSeparemos\u201d.<\/p>\n<p>Desde la Direcci\u00f3n de la Planta de Tratamiento y Clasificaci\u00f3n de Residuos \u201cManuel Belgrano\u201d, ubicada en el barrio San Mart\u00edn, realizaron un informe con los resultados de la venta de residuos recuperados en la ciudad.<\/p>\n<p>El material reciclado y comercializado por los integrantes de la cooperativa Nueva Vida suma unas 422 toneladas de residuos inorg\u00e1nicos. Ese total est\u00e1 compuesto por 51 toneladas de papel de diarios y revistas (esto equivale a 204 mil kilowatts de electricidad que se ahorran para la producci\u00f3n de nuevo papel), 93 toneladas de cart\u00f3n (1581 \u00e1rboles que no se talan), 170 toneladas de pl\u00e1stico (se ahorran 85 toneladas de petr\u00f3leo bruto y se disminuyen las emisiones de gases), y 108 toneladas de vidrio que permiten reducir el impacto ambiental que provoca su producci\u00f3n.<\/p>\n<p>Estos datos y comparaciones fueron dados a conocer desde la secretar\u00eda de Ambiente Sustentable del Municipio. La titular de esta repartici\u00f3n, Rosa Hojman, dijo a EL DIARIO que \u201clo principal es que esa basura no va al Volcadero y eso significa una disminuci\u00f3n de la contaminaci\u00f3n de la tierra, el agua y el aire\u201d.<\/p>\n<p>En cuanto al Programa, la funcionaria sostuvo que \u201cvamos obteniendo resultados paulatinamente. Esto sirve para llamar a los que todav\u00eda no creen en que vale la pena hacer el esfuerzo. Nosotros seguimos trabajando en todo lo que todav\u00eda hace falta\u201d.<\/p>\n<p>Sobre los puntos a ajustar en relaci\u00f3n a la implementaci\u00f3n del \u201cSeparemos\u201d indic\u00f3 que \u201chay que insistir en concientizar sobre los d\u00edas en que corresponde sacar los distintos tipos de residuo. Lo que vemos es que no se respeta esa disposici\u00f3n que facilita el trabajo de los integrantes de la cooperativa. De todos modos, hay muchos avances en cuanto a que se utilizan bolsas separadas. Tambi\u00e9n hay que evitar que los restos de las podas y los escombros vayan a los contenedores. En esos casos, el sistema de recolecci\u00f3n es otro\u201d.<\/p>\n<p>Por otro lado, Hojman dijo que \u201cel intendente me ha manifestado la necesidad de ir perfeccionando la log\u00edstica de la recolecci\u00f3n domiciliaria para facilitar el proceso de recuperaci\u00f3n y reciclado de la fracci\u00f3n inorg\u00e1nica\u201d. En este sentido, anunci\u00f3 el llamado a licitaci\u00f3n para la adquisici\u00f3n de m\u00e1s contenedores para ampliar la zona de cobertura. Tambi\u00e9n continuar\u00e1 la implementaci\u00f3n del sistema de puntos verdes mensuales para la recepci\u00f3n de materiales en plazas y parques de la ciudad.<\/p>\n<p><strong>Educaci\u00f3n.<\/strong> Por el momento, el Municipio divulga el programa Separemos en las escuelas para que los alumnos sean agentes del cambio de h\u00e1bito. A su vez, desde este mes se fortalecer\u00e1 el contacto directo con los ciudadanos con visitas a los hogares: \u201cVamos a hacer una serie de recorridos puerta a puerta con promotores ambientales y estudiantes de las escuelas, para tener presencia directa en los barrios y dialogar con los vecinos, explicando los beneficios de la clasificaci\u00f3n domiciliaria de los residuos y evacuando las dudas que puedan tener\u201d, expres\u00f3 Hojman.<\/p>\n<p>\u201cSeparar no es simplemente un slogan, sino la adhesi\u00f3n al compromiso de actuar a conciencia sabiendo que la basura es el problema ambiental m\u00e1s importante que enfrenta la humanidad y una muestra de solidaridad con los trabajadores cirujas y cartoneros que viven de esto\u201d agreg\u00f3 Hojman, quien tambi\u00e9n explicit\u00f3.<\/p>\n<p>Proceso. La separaci\u00f3n empez\u00f3 a regir en la ciudad luego del fallo de la jueza Mar\u00eda Andrea Morales que dispuso la obligatoriedad de esta medida en el marco de la causa iniciada en 2008 a partir de una denuncia del Foro Ecologista. As\u00ed es que desde el 1 de abril, los lunes, mi\u00e9rcoles y viernes se deben sacar los desechos org\u00e1nicos (h\u00famedos) y los martes, jueves y fines de semana los inorg\u00e1nicos (secos) y los sanitarios.<\/p>\n<p><strong>Glifosato<\/strong><\/p>\n<p>Conocido el informe que alerta sobre la presencia de glifosato en el r\u00edo Paran\u00e1, la Secretar\u00eda de Medioambiente de Entre R\u00edos encabezar\u00e1 una comisi\u00f3n t\u00e9cnica de la que participar\u00e1n los municipios en pos de llevar adelante monitores y acuerdos para el respeto de los derechos ambientales. A su vez, en el marco del Consejo Federal de Medio Ambiente, Entre R\u00edos propuso la semana pasada trabajar en el cuidado de la cuenca en forma conjunta con otras provincias y sobre tres ejes: armonizaci\u00f3n normativa, monitoreo permanente e identificaci\u00f3n de fuentes contaminantes, de acuerdo a lo dicho por la titular de la cartera provincial, Bel\u00e9n Esteves.<\/p>\n<h6>Fuente: El Once<\/h6>\n","protected":false},"excerpt":{"rendered":"<p>Hace cuatro meses que comenz\u00f3 a implementarse el programa de clasificaci\u00f3n de residuos s\u00f3lidos urbanos \u201cSeparemos\u201d.<\/p>\n","protected":false},"author":2,"featured_media":51705,"comment_status":"closed","ping_status":"closed","sticky":false,"template":"","format":"standard","meta":{"footnotes":""},"categories":[2],"tags":[17],"class_list":["post-51704","post","type-post","status-publish","format-standard","has-post-thumbnail","hentry","category-informe-municipal","tag-entre-rios"],"_links":{"self":[{"href":"http:\/\/argentinamunicipal.com.ar\/argentina\/wp-json\/wp\/v2\/posts\/51704","targetHints":{"allow":["GET"]}}],"collection":[{"href":"http:\/\/argentinamunicipal.com.ar\/argentina\/wp-json\/wp\/v2\/posts"}],"about":[{"href":"http:\/\/argentinamunicipal.com.ar\/argentina\/wp-json\/wp\/v2\/types\/post"}],"author":[{"embeddable":true,"href":"http:\/\/argentinamunicipal.com.ar\/argentina\/wp-json\/wp\/v2\/users\/2"}],"replies":[{"embeddable":true,"href":"http:\/\/argentinamunicipal.com.ar\/argentina\/wp-json\/wp\/v2\/comments?post=51704"}],"version-history":[{"count":0,"href":"http:\/\/argentinamunicipal.com.ar\/argentina\/wp-json\/wp\/v2\/posts\/51704\/revisions"}],"wp:featuredmedia":[{"embeddable":true,"href":"http:\/\/argentinamunicipal.com.ar\/argentina\/wp-json\/wp\/v2\/media\/51705"}],"wp:attachment":[{"href":"http:\/\/argentinamunicipal.com.ar\/argentina\/wp-json\/wp\/v2\/media?parent=51704"}],"wp:term":[{"taxonomy":"category","embeddable":true,"href":"http:\/\/argentinamunicipal.com.ar\/argentina\/wp-json\/wp\/v2\/categories?post=51704"},{"taxonomy":"post_tag","embeddable":true,"href":"http:\/\/argentinamunicipal.com.ar\/argentina\/wp-json\/wp\/v2\/tags?post=51704"}],"curies":[{"name":"wp","href":"https:\/\/api.w.org\/{rel}","templated":true}]}}