{"id":51713,"date":"2016-08-02T08:45:58","date_gmt":"2016-08-02T11:45:58","guid":{"rendered":"http:\/\/argentinamunicipal.com.ar\/argentina\/?p=51713"},"modified":"2016-08-02T08:45:58","modified_gmt":"2016-08-02T11:45:58","slug":"buenos-aires-planear-la-ciudad-todos","status":"publish","type":"post","link":"http:\/\/argentinamunicipal.com.ar\/argentina\/buenos-aires-planear-la-ciudad-todos\/","title":{"rendered":"Buenos Aires: Planear la ciudad entre todos"},"content":{"rendered":"<p>En la Legislatura, organizaciones pol\u00edticas y sociales lanzaron la Campa\u00f1a por una Carta del Derecho a la Ciudad, para consensuar principios del desarrollo urbano porte\u00f1o. Buscan firmas y participaci\u00f3n para debatir sobre planificaci\u00f3n y derechos.<\/p>\n<p>Asambleas vecinales y organizaciones pol\u00edticas y sociales participaron del lanzamiento de la Campa\u00f1a por una Carta del Derecho a la Ciudad, que busca consensuar principios para el de-sarrollo urbano. Reunidas en la Legislatura porte\u00f1a, coincidieron en la necesidad de \u201cproponer, en lugar de aceptar\u201d, lineamientos para planificar la ciudad y para \u201cevitar que la planificaci\u00f3n la siga definiendo el mercado\u201d. \u201cSe nos presenta un contexto que nos obliga a coordinar acciones, en el que los negocios inmobiliarios buscan legalizar sus ilegalidades a trav\u00e9s de la reforma del C\u00f3digo de Planeamiento de la Ciudad\u201d, se\u00f1al\u00f3 Jonatan Baldiviezo, presidente del Observatorio del Derecho a la Ciudad. La campa\u00f1a cuenta con el apoyo de m\u00e1s de 20 entidades, comunas, partidos pol\u00edticos y c\u00e1tedras universitarias, adem\u00e1s de vecinos independientes, y buscar\u00e1 elaborar la Carta del Derecho a la Ciudad (www.cartaderechoalaciudad.com.ar), para presentar a la Legislatura.<\/p>\n<p>Desde el inicio de la gesti\u00f3n PRO, inform\u00f3 la entidad, se privatizaron m\u00e1s de 200 hect\u00e1reas de tierra p\u00fablica, una superficie superior a 200 manzanas de la Ciudad. \u201cEsta campa\u00f1a tiene que ser una herramienta de organizaci\u00f3n, que sirva como alternativa a la planificaci\u00f3n que nos propone el mercado\u201d, apunt\u00f3 Baldiviezo. Como las cuestiones m\u00e1s urgentes a tratar y resolver, se\u00f1al\u00f3 a la defensa de los espacios verdes, de las normativas ambientales y urbanizaci\u00f3n de las villas de la ciudad.<\/p>\n<p>A fin de a\u00f1o se actualizar\u00e1n al menos 9 leyes relacionadas con el control de las edificaciones y del planeamiento urban\u00edstico, cuyos textos \u201cya comenzaron a elaborarse sin consideraci\u00f3n de los reclamos y propuestas de la ciudadan\u00eda\u201d, dijo Baldiviezo. El Gobierno porte\u00f1o \u201cya cre\u00f3 el Foro de Desarrollo Urbano para justificar haber dado participaci\u00f3n a la ciudadan\u00eda en estos pr\u00f3ximos debates porque su principal objetivo es conseguir seguridad jur\u00eddica\u201d, detall\u00f3 el activista. Por ese motivo, destac\u00f3 que \u201chay que generar espacios de participaci\u00f3n reales, discutiendo con los vecinos, en las comunas, es la \u00fanica forma de tener una ciudad para todos\u201d.<\/p>\n<p>Alberto Aguilera, integrante de la red de vecinos autoconvocados Manzana 66 Verde y P\u00fablica opin\u00f3 en el mismo sentido: \u201cganamos si los vecinos saben de altura, de espacios verdes, toman conciencia del cuidado del patrimonio que los inversores inmobiliarios quieren tirar abajo\u201d. \u201cEn Saavedra los vecinos sabemos de retenes, de cuencas hidr\u00e1ulicas, la \u00fanica manera de no quedarse afuera de las discusiones es aprendiendo\u201d, coment\u00f3, a su turno, Carlos Scally, de la Asamblea de Vecinos Inundados de Saavedra. Las consecuencias de la falta de planificaci\u00f3n y la edificaci\u00f3n sin controles se vieron en la inundaci\u00f3n de 2013, que tuvo como uno de los m\u00e1s afectados a Barrio Mitre. \u201cEn Saavedra los vecinos no duermen cuando llueve\u201d, cont\u00f3.<\/p>\n<p>Como v\u00edas para difundir estos debates que nutrir\u00e1n el cuerpo de la carta, Mauricio Garc\u00eda, de la Asamblea de vecinos de Parque Lezama, apunt\u00f3 a la importancia de los medios de comunicaci\u00f3n barriales. \u201cPara llegar a todos los vecinos hay que aprovechar los canales m\u00e1s directos, radios comunitarias, diarios vecinales, adem\u00e1s de los espacios de debate que se puedan organizar\u201d, advirti\u00f3.<\/p>\n<p>Otro de los ejes del encuentro fue la urbanizaci\u00f3n de las villas y el acceso a los servicios b\u00e1sicos, una vieja deuda de la ciudad. Marcos Chinchilla, de la Villa 20, se defini\u00f3 como \u201cesc\u00e9ptico\u201d acerca de las propuestas que se le puedan acercar al Gobierno: \u201clo \u00fanico que hicieron por nosotros en cinco a\u00f1os fue, una vez, acercarnos pintura para las casas, nunca se propusieron soluciones estructurales\u201d, remarc\u00f3. Las inundaciones, derivadas de la falta de sistemas de desag\u00fce, y los incendios \u2013producto de las instalaciones el\u00e9ctricas precarias\u2013 son solo algunos de los riesgos con los que se convive en ese barrio.<\/p>\n<p>Para Mar\u00eda Eva Koutsovitis, del frente territorial Salvador Herrera, \u201cBuenos Aires condena a miles y miles de vecinos a vivir sin agua, en p\u00e9simas condiciones, expuestos a distintas enfermedades\u201d. Y agreg\u00f3: \u201cNo queremos seguir viviendo en una ciudad que nos segrega\u201d.<\/p>\n<h6>Fuente: P\u00e1gina 12<\/h6>\n","protected":false},"excerpt":{"rendered":"<p>En la Legislatura, organizaciones pol\u00edticas y sociales lanzaron la Campa\u00f1a por una Carta del Derecho a la Ciudad, para consensuar principios del desarrollo urbano porte\u00f1o.<\/p>\n","protected":false},"author":2,"featured_media":51714,"comment_status":"closed","ping_status":"closed","sticky":false,"template":"","format":"standard","meta":{"footnotes":""},"categories":[2],"tags":[12],"class_list":["post-51713","post","type-post","status-publish","format-standard","has-post-thumbnail","hentry","category-informe-municipal","tag-buenos-aires"],"_links":{"self":[{"href":"http:\/\/argentinamunicipal.com.ar\/argentina\/wp-json\/wp\/v2\/posts\/51713","targetHints":{"allow":["GET"]}}],"collection":[{"href":"http:\/\/argentinamunicipal.com.ar\/argentina\/wp-json\/wp\/v2\/posts"}],"about":[{"href":"http:\/\/argentinamunicipal.com.ar\/argentina\/wp-json\/wp\/v2\/types\/post"}],"author":[{"embeddable":true,"href":"http:\/\/argentinamunicipal.com.ar\/argentina\/wp-json\/wp\/v2\/users\/2"}],"replies":[{"embeddable":true,"href":"http:\/\/argentinamunicipal.com.ar\/argentina\/wp-json\/wp\/v2\/comments?post=51713"}],"version-history":[{"count":0,"href":"http:\/\/argentinamunicipal.com.ar\/argentina\/wp-json\/wp\/v2\/posts\/51713\/revisions"}],"wp:featuredmedia":[{"embeddable":true,"href":"http:\/\/argentinamunicipal.com.ar\/argentina\/wp-json\/wp\/v2\/media\/51714"}],"wp:attachment":[{"href":"http:\/\/argentinamunicipal.com.ar\/argentina\/wp-json\/wp\/v2\/media?parent=51713"}],"wp:term":[{"taxonomy":"category","embeddable":true,"href":"http:\/\/argentinamunicipal.com.ar\/argentina\/wp-json\/wp\/v2\/categories?post=51713"},{"taxonomy":"post_tag","embeddable":true,"href":"http:\/\/argentinamunicipal.com.ar\/argentina\/wp-json\/wp\/v2\/tags?post=51713"}],"curies":[{"name":"wp","href":"https:\/\/api.w.org\/{rel}","templated":true}]}}