{"id":51731,"date":"2016-08-03T07:47:33","date_gmt":"2016-08-03T10:47:33","guid":{"rendered":"http:\/\/argentinamunicipal.com.ar\/argentina\/?p=51731"},"modified":"2016-08-03T07:47:33","modified_gmt":"2016-08-03T10:47:33","slug":"denuncian-se-duplico-la-cantidad-cartoneros-gran-la-plata","status":"publish","type":"post","link":"http:\/\/argentinamunicipal.com.ar\/argentina\/denuncian-se-duplico-la-cantidad-cartoneros-gran-la-plata\/","title":{"rendered":"Denuncian que se duplic\u00f3 la cantidad de cartoneros en el Gran La Plata"},"content":{"rendered":"<p>El dato es de la Federaci\u00f3n de Cartoneros y Recicladores de la regi\u00f3n. Esta ma\u00f1ana marchan a la municipalidad de La Plata en reclamo de ayuda.<\/p>\n<p>Seg\u00fan explicaron desde la Federaci\u00f3n de Cartoneros y Recicladores, se duplic\u00f3 la cantidad de recolectores en la regi\u00f3n. As\u00ed lo confirm\u00f3 Rodrigo Bernales, uno de sus integrantes.<\/p>\n<p>En di\u00e1logo con FM Cielo, Bernales asegur\u00f3 que por ese motivo hoy estar\u00e1n marchando a la Municipalidad, para pedirle al intendente Julio Garro asistencia.<\/p>\n<p>Seg\u00fan lo que explican, podr\u00edan solicitarle al Municipio carros y elementos para poder \u00abregularizar\u00bb de alguna manera el trabajo informal.<\/p>\n<h6>Fuente: InfoCielo<\/h6>\n","protected":false},"excerpt":{"rendered":"<p>El dato es de la Federaci\u00f3n de Cartoneros y Recicladores de la regi\u00f3n. Esta ma\u00f1ana marchan a la municipalidad de La Plata en reclamo de ayuda.<\/p>\n","protected":false},"author":2,"featured_media":51732,"comment_status":"closed","ping_status":"closed","sticky":false,"template":"","format":"standard","meta":{"footnotes":""},"categories":[2],"tags":[12],"class_list":["post-51731","post","type-post","status-publish","format-standard","has-post-thumbnail","hentry","category-informe-municipal","tag-buenos-aires"],"_links":{"self":[{"href":"http:\/\/argentinamunicipal.com.ar\/argentina\/wp-json\/wp\/v2\/posts\/51731","targetHints":{"allow":["GET"]}}],"collection":[{"href":"http:\/\/argentinamunicipal.com.ar\/argentina\/wp-json\/wp\/v2\/posts"}],"about":[{"href":"http:\/\/argentinamunicipal.com.ar\/argentina\/wp-json\/wp\/v2\/types\/post"}],"author":[{"embeddable":true,"href":"http:\/\/argentinamunicipal.com.ar\/argentina\/wp-json\/wp\/v2\/users\/2"}],"replies":[{"embeddable":true,"href":"http:\/\/argentinamunicipal.com.ar\/argentina\/wp-json\/wp\/v2\/comments?post=51731"}],"version-history":[{"count":0,"href":"http:\/\/argentinamunicipal.com.ar\/argentina\/wp-json\/wp\/v2\/posts\/51731\/revisions"}],"wp:featuredmedia":[{"embeddable":true,"href":"http:\/\/argentinamunicipal.com.ar\/argentina\/wp-json\/wp\/v2\/media\/51732"}],"wp:attachment":[{"href":"http:\/\/argentinamunicipal.com.ar\/argentina\/wp-json\/wp\/v2\/media?parent=51731"}],"wp:term":[{"taxonomy":"category","embeddable":true,"href":"http:\/\/argentinamunicipal.com.ar\/argentina\/wp-json\/wp\/v2\/categories?post=51731"},{"taxonomy":"post_tag","embeddable":true,"href":"http:\/\/argentinamunicipal.com.ar\/argentina\/wp-json\/wp\/v2\/tags?post=51731"}],"curies":[{"name":"wp","href":"https:\/\/api.w.org\/{rel}","templated":true}]}}