{"id":51740,"date":"2016-08-03T08:03:59","date_gmt":"2016-08-03T11:03:59","guid":{"rendered":"http:\/\/argentinamunicipal.com.ar\/argentina\/?p=51740"},"modified":"2016-08-03T08:03:59","modified_gmt":"2016-08-03T11:03:59","slug":"fray-luis-beltran-canut-dio-detalles-la-municipalizacion-del-agua","status":"publish","type":"post","link":"http:\/\/argentinamunicipal.com.ar\/argentina\/fray-luis-beltran-canut-dio-detalles-la-municipalizacion-del-agua\/","title":{"rendered":"Fray Luis Beltr\u00e1n: Canut dio detalles de la municipalizaci\u00f3n del agua"},"content":{"rendered":"<p>La intendenta dijo que cuenta con el respaldo del gobierno provincial que ya comprometi\u00f3 obras. El servicio lo prest\u00f3 por 45 a\u00f1os una cooperativa.<\/p>\n<p>La intendenta de Fray Luis Beltr\u00e1n, Liliana Canut, dio a conocer los detalles de la toma de posesi\u00f3n por parte del municipio del servicio de agua potable y cloacas en esa ciudad, luego de 45 a\u00f1os de concesi\u00f3n del suministro a la Cooperativa de Agua Potable y Otros Servicios (Coaposer). La mandataria responsabiliz\u00f3 a esta prestadora de las deficiencias en el servicio y reiter\u00f3 que la nueva administraci\u00f3n cuenta con \u00abrespaldo t\u00e9cnico y financiero del gobierno provincial\u00bb.<\/p>\n<p>\u00abHemos tomado la determinaci\u00f3n de hacernos cargo del suministro de agua potable de Fray Luis Beltr\u00e1n. Esta es una medida hist\u00f3rica y la gente estaba esperando una respuesta\u00bb, enfatiz\u00f3 la intendenta.<\/p>\n<p>Seg\u00fan Canut, \u00abhace muchos a\u00f1os que los beltranenses venimos atravesando problemas con el servicio de aguas que ofrece la Coaposer, las roturas de ca\u00f1os y las p\u00e9rdidas de agua en las calles son much\u00edsimas\u00bb, asever\u00f3, y adelant\u00f3 que \u00abla pr\u00f3xima semana ya est\u00e1n programados los arreglos en planta\u00bb.<\/p>\n<p>Canut anticip\u00f3 que el ingeniero Alberto Campitelli estar\u00e1 a cargo de la planta potabilizadora, y solicit\u00f3 la colaboraci\u00f3n de toda la ciudadan\u00eda de Fray Luis Beltr\u00e1n para que a ning\u00fan vecino le falte agua potable.<\/p>\n<p>La iniciativa del gobierno de Canut cuenta con el respaldo del gobierno de Santa Fe. \u00abTenemos el compromiso del gobernador Miguel Lifschitz. La provincia prev\u00e9 una inversi\u00f3n de 10 millones de pesos en la planta de aguas. El gobernador se comprometi\u00f3 a darnos respaldo t\u00e9cnico y financiero, y vale aclarar que de ninguna manera Aguas Santafesinas pod\u00eda hacerse cargo del suministro de agua potable en Fray Luis Beltr\u00e1n. Insistimos hasta \u00faltimo momento, pero el gobernador nos comunic\u00f3 de que los municipios deben hacerse cargo del servicio\u00bb, aclar\u00f3.<\/p>\n<p>Situaci\u00f3n laboral. En cuanto a los trabajadores de la cooperativa, la intendenta se\u00f1al\u00f3 que \u00abel propio Oscar Barrionuevo -secretario general del gremio de Obras Sanitarias- nos dijo que no pod\u00eda entender por qu\u00e9 Fray Luis Beltr\u00e1n tiene 25 empleados para el servicio de agua, cuando San Lorenzo tiene 9 trabajadores y Capit\u00e1n Berm\u00fadez cuenta con 7. Tomaremos a los empleados que podamos pagar de acuerdo a un presupuesto. Con los dem\u00e1s hablaremos para encontrarle una soluci\u00f3n junto con el gobierno provincial\u00bb.<\/p>\n<p>Tambi\u00e9n aclar\u00f3 que \u00ablos empleados de la planta se mantendr\u00e1n en el gremio de Obras Sanitarias. Se les realizar\u00e1 un contrato laboral y no ser\u00e1n empleados municipales. Ser\u00e1 una vinculaci\u00f3n transitoria hasta tanto se encuentre la figura definitiva, como una empresa del Estado municipal, un ente aut\u00e1rquico o una Sapem (sociedad an\u00f3nima con participaci\u00f3n estatal mayoritaria)\u00bb.<\/p>\n<p>Tarifas. Canut anunci\u00f3 que \u00abpara los primeros meses decidimos mantener la tarifa de 130 pesos mensuales\u00bb, pero ya se solicit\u00f3 al \u00abEnte Regulador de Servicios Sanitarios (Enress) que fije las tarifas de agua potable y cloacas\u00bb. Tambi\u00e9n especific\u00f3 que \u00abel jueves llegar\u00e1n las primeras bombas para instalar en la planta de cloacas, y este mes se empieza a trabajar en la segunda etapa para barrio 3 de Febrero, que es la uni\u00f3n de la planta elevadora ubicada en Quiroga y Sarmiento, con la planta de tratamiento\u00bb, cuyo costo correr\u00e1 a cuenta de la provincia.<\/p>\n<h6>Fuente: La Capital Rosario<\/h6>\n","protected":false},"excerpt":{"rendered":"<p>La intendenta dijo que cuenta con el respaldo del gobierno provincial que ya comprometi\u00f3 obras. El servicio lo prest\u00f3 por 45 a\u00f1os una cooperativa.<\/p>\n","protected":false},"author":2,"featured_media":51741,"comment_status":"closed","ping_status":"closed","sticky":false,"template":"","format":"standard","meta":{"footnotes":""},"categories":[2],"tags":[10],"class_list":["post-51740","post","type-post","status-publish","format-standard","has-post-thumbnail","hentry","category-informe-municipal","tag-santa-fe"],"_links":{"self":[{"href":"http:\/\/argentinamunicipal.com.ar\/argentina\/wp-json\/wp\/v2\/posts\/51740","targetHints":{"allow":["GET"]}}],"collection":[{"href":"http:\/\/argentinamunicipal.com.ar\/argentina\/wp-json\/wp\/v2\/posts"}],"about":[{"href":"http:\/\/argentinamunicipal.com.ar\/argentina\/wp-json\/wp\/v2\/types\/post"}],"author":[{"embeddable":true,"href":"http:\/\/argentinamunicipal.com.ar\/argentina\/wp-json\/wp\/v2\/users\/2"}],"replies":[{"embeddable":true,"href":"http:\/\/argentinamunicipal.com.ar\/argentina\/wp-json\/wp\/v2\/comments?post=51740"}],"version-history":[{"count":0,"href":"http:\/\/argentinamunicipal.com.ar\/argentina\/wp-json\/wp\/v2\/posts\/51740\/revisions"}],"wp:featuredmedia":[{"embeddable":true,"href":"http:\/\/argentinamunicipal.com.ar\/argentina\/wp-json\/wp\/v2\/media\/51741"}],"wp:attachment":[{"href":"http:\/\/argentinamunicipal.com.ar\/argentina\/wp-json\/wp\/v2\/media?parent=51740"}],"wp:term":[{"taxonomy":"category","embeddable":true,"href":"http:\/\/argentinamunicipal.com.ar\/argentina\/wp-json\/wp\/v2\/categories?post=51740"},{"taxonomy":"post_tag","embeddable":true,"href":"http:\/\/argentinamunicipal.com.ar\/argentina\/wp-json\/wp\/v2\/tags?post=51740"}],"curies":[{"name":"wp","href":"https:\/\/api.w.org\/{rel}","templated":true}]}}