{"id":51743,"date":"2016-08-03T08:08:24","date_gmt":"2016-08-03T11:08:24","guid":{"rendered":"http:\/\/argentinamunicipal.com.ar\/argentina\/?p=51743"},"modified":"2016-08-03T08:08:24","modified_gmt":"2016-08-03T11:08:24","slug":"buscaran-fortalecer-las-huertas-urbanas-chos-malal","status":"publish","type":"post","link":"http:\/\/argentinamunicipal.com.ar\/argentina\/buscaran-fortalecer-las-huertas-urbanas-chos-malal\/","title":{"rendered":"Buscar\u00e1n fortalecer las huertas urbanas en Chos Malal"},"content":{"rendered":"<p>El ministerio de Producci\u00f3n y Turismo firmar\u00e1 ma\u00f1ana un convenio con la municipalidad para potenciar las huertas urbanas y brindar capacitaci\u00f3n a los productores locales. Tambi\u00e9n rubricar\u00e1 un acuerdo con el hospital para la puesta en marcha de una huerta terap\u00e9utica.<\/p>\n<p>Chos Malal ya cuenta con dos huertas de este tipo en los barrios Uriburu y Centenario y con la Planta Comunitaria de Elaboraci\u00f3n y Procesamiento de Agroalimentos. El objetivo de los acuerdos es sumar nuevos productores hort\u00edcolas en la zona rural y capacitar a unas 40 familias en la producci\u00f3n de hortalizas, entre otros.<\/p>\n<p>Las huertas protegidas fueron creadas hace aproximadamente dos a\u00f1os a partir de un plan de trabajo conjunto entre el Proda y el \u00e1rea de producci\u00f3n de la comuna. El programa tambi\u00e9n tiene previsto dar continuidad a la asistencia t\u00e9cnica y a la capacitaci\u00f3n de emprendedores.<\/p>\n<h6>Fuente: R\u00edo Negro<\/h6>\n","protected":false},"excerpt":{"rendered":"<p>El ministerio de Producci\u00f3n y Turismo firmar\u00e1 ma\u00f1ana un convenio con la municipalidad para potenciar las huertas urbanas y brindar capacitaci\u00f3n a los productores locales. <\/p>\n","protected":false},"author":2,"featured_media":51744,"comment_status":"closed","ping_status":"closed","sticky":false,"template":"","format":"standard","meta":{"footnotes":""},"categories":[2],"tags":[],"class_list":["post-51743","post","type-post","status-publish","format-standard","has-post-thumbnail","hentry","category-informe-municipal"],"_links":{"self":[{"href":"http:\/\/argentinamunicipal.com.ar\/argentina\/wp-json\/wp\/v2\/posts\/51743","targetHints":{"allow":["GET"]}}],"collection":[{"href":"http:\/\/argentinamunicipal.com.ar\/argentina\/wp-json\/wp\/v2\/posts"}],"about":[{"href":"http:\/\/argentinamunicipal.com.ar\/argentina\/wp-json\/wp\/v2\/types\/post"}],"author":[{"embeddable":true,"href":"http:\/\/argentinamunicipal.com.ar\/argentina\/wp-json\/wp\/v2\/users\/2"}],"replies":[{"embeddable":true,"href":"http:\/\/argentinamunicipal.com.ar\/argentina\/wp-json\/wp\/v2\/comments?post=51743"}],"version-history":[{"count":0,"href":"http:\/\/argentinamunicipal.com.ar\/argentina\/wp-json\/wp\/v2\/posts\/51743\/revisions"}],"wp:featuredmedia":[{"embeddable":true,"href":"http:\/\/argentinamunicipal.com.ar\/argentina\/wp-json\/wp\/v2\/media\/51744"}],"wp:attachment":[{"href":"http:\/\/argentinamunicipal.com.ar\/argentina\/wp-json\/wp\/v2\/media?parent=51743"}],"wp:term":[{"taxonomy":"category","embeddable":true,"href":"http:\/\/argentinamunicipal.com.ar\/argentina\/wp-json\/wp\/v2\/categories?post=51743"},{"taxonomy":"post_tag","embeddable":true,"href":"http:\/\/argentinamunicipal.com.ar\/argentina\/wp-json\/wp\/v2\/tags?post=51743"}],"curies":[{"name":"wp","href":"https:\/\/api.w.org\/{rel}","templated":true}]}}