{"id":51749,"date":"2016-08-03T08:25:39","date_gmt":"2016-08-03T11:25:39","guid":{"rendered":"http:\/\/argentinamunicipal.com.ar\/argentina\/?p=51749"},"modified":"2016-08-03T08:25:39","modified_gmt":"2016-08-03T11:25:39","slug":"centenario-le-dan-mes-mas-vida-al-matadero-municipal","status":"publish","type":"post","link":"http:\/\/argentinamunicipal.com.ar\/argentina\/centenario-le-dan-mes-mas-vida-al-matadero-municipal\/","title":{"rendered":"Centenario: le dan otro mes m\u00e1s de vida al matadero municipal"},"content":{"rendered":"<p>Naci\u00f3n le extendi\u00f3 el permiso de faena, seg\u00fan contaron los trabajadores, hasta que hagan una adecuaci\u00f3n ambiental y paguen deudas.<\/p>\n<p>El matadero municipal de Centenario consigui\u00f3 otro mes m\u00e1s para arreglar sus problemas y retomar la faena de vacunos.<\/p>\n<p>Tiene una deuda de 8 millones de pesos con la AFIP, a nombre de la Cooperativa Agr\u00edcola Centenario (CAC), y varias inspecciones de Recursos H\u00eddricos, que determinaron problemas en el vertido de efluentes.<\/p>\n<p>Esa sumatoria de elementos hizo que se revocara la licencia para operar, que otorga el Ministerio de Agricultura de la Naci\u00f3n, sobre todo por el cruzamiento de datos por las deudas contra\u00eddas con el fisco.<\/p>\n<p>Ayer el intendente Estaba Cimolai se reuni\u00f3 con un equipo t\u00e9cnico de Recursos H\u00eddricos de la provincia para abordar el problema ambiental que tiene hoy la planta de faena.<\/p>\n<p>\u201cEl matadero es municipal, pero nos ponemos a disposici\u00f3n de lo que necesite el intendente\u201d. Jos\u00e9 Brillo. Ministro de Producci\u00f3n y Turismo de la Provincia de Neuqu\u00e9n<\/p>\n<p>Juan Jos\u00e9 Guti\u00e9rrez, delegado de los 40 trabajadores que tiene el matadero, expres\u00f3 que las autoridades le llevaron tranquilidad por la situaci\u00f3n, pero que esperan que se defina la continuidad de las fuentes laborales.<\/p>\n<p>\u201cEl presidente de la cooperativa (Daniel Avello) nos dijo que trabajamos hasta el 31 por el vencimiento de la matr\u00edcula. Pero van a hacer un permiso nuevo y seguimos faenando\u201d, indic\u00f3 el trabajador.<\/p>\n<p>En tanto, Jos\u00e9 Brillo, ministro de Producci\u00f3n y Turismo de la provincia, dijo que espera las instrucciones del intendente Esteban Cimolai, pero que la situaci\u00f3n de la planta \u201ces muy compleja\u201d.<\/p>\n<h6>Fuente: La Ma\u00f1ana Neuqu\u00e9n<\/h6>\n","protected":false},"excerpt":{"rendered":"<p>Naci\u00f3n le extendi\u00f3 el permiso de faena, seg\u00fan contaron los trabajadores, hasta que hagan una adecuaci\u00f3n ambiental y paguen deudas.<\/p>\n","protected":false},"author":2,"featured_media":51750,"comment_status":"closed","ping_status":"closed","sticky":false,"template":"","format":"standard","meta":{"footnotes":""},"categories":[2],"tags":[23],"class_list":["post-51749","post","type-post","status-publish","format-standard","has-post-thumbnail","hentry","category-informe-municipal","tag-neuquen"],"_links":{"self":[{"href":"http:\/\/argentinamunicipal.com.ar\/argentina\/wp-json\/wp\/v2\/posts\/51749","targetHints":{"allow":["GET"]}}],"collection":[{"href":"http:\/\/argentinamunicipal.com.ar\/argentina\/wp-json\/wp\/v2\/posts"}],"about":[{"href":"http:\/\/argentinamunicipal.com.ar\/argentina\/wp-json\/wp\/v2\/types\/post"}],"author":[{"embeddable":true,"href":"http:\/\/argentinamunicipal.com.ar\/argentina\/wp-json\/wp\/v2\/users\/2"}],"replies":[{"embeddable":true,"href":"http:\/\/argentinamunicipal.com.ar\/argentina\/wp-json\/wp\/v2\/comments?post=51749"}],"version-history":[{"count":0,"href":"http:\/\/argentinamunicipal.com.ar\/argentina\/wp-json\/wp\/v2\/posts\/51749\/revisions"}],"wp:featuredmedia":[{"embeddable":true,"href":"http:\/\/argentinamunicipal.com.ar\/argentina\/wp-json\/wp\/v2\/media\/51750"}],"wp:attachment":[{"href":"http:\/\/argentinamunicipal.com.ar\/argentina\/wp-json\/wp\/v2\/media?parent=51749"}],"wp:term":[{"taxonomy":"category","embeddable":true,"href":"http:\/\/argentinamunicipal.com.ar\/argentina\/wp-json\/wp\/v2\/categories?post=51749"},{"taxonomy":"post_tag","embeddable":true,"href":"http:\/\/argentinamunicipal.com.ar\/argentina\/wp-json\/wp\/v2\/tags?post=51749"}],"curies":[{"name":"wp","href":"https:\/\/api.w.org\/{rel}","templated":true}]}}