{"id":51752,"date":"2016-08-04T06:40:34","date_gmt":"2016-08-04T09:40:34","guid":{"rendered":"http:\/\/argentinamunicipal.com.ar\/argentina\/?p=51752"},"modified":"2016-08-04T06:40:34","modified_gmt":"2016-08-04T09:40:34","slug":"intendente-ensenada-compro-patrulleros-fondos-propios-le-paso-factura-la-provincia","status":"publish","type":"post","link":"http:\/\/argentinamunicipal.com.ar\/argentina\/intendente-ensenada-compro-patrulleros-fondos-propios-le-paso-factura-la-provincia\/","title":{"rendered":"El\u00a0intendente de Ensenada compr\u00f3 patrulleros con fondos propios y le pas\u00f3 factura a la Provincia"},"content":{"rendered":"<p>El Intendente de Ensenada, Mario Secco, present\u00f3 3 nuevos patrulleros para la Polic\u00eda Local de Ensenada, que fueron adquiridos con fondos de la Municipalidad. Y cuestion\u00f3 que el Fondo de Seguridad que env\u00eda la Provincia \u201cno existe a comparaci\u00f3n de lo que pone el Municipio\u201d.<\/p>\n<p>El intendente de Ensenada, Mario Secco, del FpV, cuestion\u00f3 hoy la \u201cfalta de respuestas\u201d de parte del Ministerio de Seguridad en materia de asistencia para la compra de equipamiento, y advirti\u00f3 que el \u201cFondo de Seguridad que env\u00eda la Provincia no existe a comparaci\u00f3n de lo que pone el Municipio\u201d.<\/p>\n<p>\u201cAnte la falta de respuestas del Ministerio de Seguridad, que est\u00e1 pensando en otras cosas, nosotros nos preocupamos por la seguridad de la gente y por eso seguimos invirtiendo\u201d, dijo Secco al presentar tres patrulleros, que se suman a cinco que hab\u00eda adquirido anteriormente, para la Polic\u00eda Local.<\/p>\n<p>Como viene haciendo desde la llegada de Cambiemos al poder, Secco enumer\u00f3 las inversiones municipales en materia de seguridad, y record\u00f3 que la Municipalidad de Ensenada se est\u00e1 haciendo cargo de la nafta, las cubiertas y los arreglos de los patrulleros, adem\u00e1s del alquiler y el mantenimiento de los edificios de las dependencias de seguridad.<\/p>\n<p>En este sentido, resalt\u00f3 la importante inversi\u00f3n en tecnolog\u00eda para el nuevo Centro Operativo de Monitoreo. Dur\u00edsimo, Secco sostuvo que la \u00fanica complicaci\u00f3n que tiene el Municipio es \u201cpor la incapacidad que tiene el gobierno provincial para resolver los problemas, y somos nosotros los que nos tenemos que hacer cargo\u201d.<\/p>\n<h6>Fuente: InfocIelo<\/h6>\n","protected":false},"excerpt":{"rendered":"<p>El Intendente de Ensenada, Mario Secco, present\u00f3 3 nuevos patrulleros para la Polic\u00eda Local de Ensenada, que fueron adquiridos con fondos de la Municipalidad. Y cuestion\u00f3 que el Fondo de Seguridad que env\u00eda la Provincia \u201cno existe a comparaci\u00f3n de lo que pone el Municipio\u201d.<\/p>\n","protected":false},"author":2,"featured_media":51753,"comment_status":"closed","ping_status":"closed","sticky":false,"template":"","format":"standard","meta":{"footnotes":""},"categories":[2],"tags":[12],"class_list":["post-51752","post","type-post","status-publish","format-standard","has-post-thumbnail","hentry","category-informe-municipal","tag-buenos-aires"],"_links":{"self":[{"href":"http:\/\/argentinamunicipal.com.ar\/argentina\/wp-json\/wp\/v2\/posts\/51752","targetHints":{"allow":["GET"]}}],"collection":[{"href":"http:\/\/argentinamunicipal.com.ar\/argentina\/wp-json\/wp\/v2\/posts"}],"about":[{"href":"http:\/\/argentinamunicipal.com.ar\/argentina\/wp-json\/wp\/v2\/types\/post"}],"author":[{"embeddable":true,"href":"http:\/\/argentinamunicipal.com.ar\/argentina\/wp-json\/wp\/v2\/users\/2"}],"replies":[{"embeddable":true,"href":"http:\/\/argentinamunicipal.com.ar\/argentina\/wp-json\/wp\/v2\/comments?post=51752"}],"version-history":[{"count":0,"href":"http:\/\/argentinamunicipal.com.ar\/argentina\/wp-json\/wp\/v2\/posts\/51752\/revisions"}],"wp:featuredmedia":[{"embeddable":true,"href":"http:\/\/argentinamunicipal.com.ar\/argentina\/wp-json\/wp\/v2\/media\/51753"}],"wp:attachment":[{"href":"http:\/\/argentinamunicipal.com.ar\/argentina\/wp-json\/wp\/v2\/media?parent=51752"}],"wp:term":[{"taxonomy":"category","embeddable":true,"href":"http:\/\/argentinamunicipal.com.ar\/argentina\/wp-json\/wp\/v2\/categories?post=51752"},{"taxonomy":"post_tag","embeddable":true,"href":"http:\/\/argentinamunicipal.com.ar\/argentina\/wp-json\/wp\/v2\/tags?post=51752"}],"curies":[{"name":"wp","href":"https:\/\/api.w.org\/{rel}","templated":true}]}}