{"id":51761,"date":"2016-08-04T06:52:56","date_gmt":"2016-08-04T09:52:56","guid":{"rendered":"http:\/\/argentinamunicipal.com.ar\/argentina\/?p=51761"},"modified":"2016-08-04T06:52:56","modified_gmt":"2016-08-04T09:52:56","slug":"necochea-quieren-invertir-unos-40-millones-dolares-parque-eolico","status":"publish","type":"post","link":"http:\/\/argentinamunicipal.com.ar\/argentina\/necochea-quieren-invertir-unos-40-millones-dolares-parque-eolico\/","title":{"rendered":"En Necochea quieren invertir unos 40 millones de d\u00f3lares en un parque e\u00f3lico"},"content":{"rendered":"<p>Necochea podr\u00eda convertirse en uno de los pocos lugares en el pa\u00eds en los que se cuenta con un parque e\u00f3lico. El objetivo de esta iniciativa, que prev\u00e9 una inversi\u00f3n de unos 40 millones de d\u00f3lares, es generar su propia energ\u00eda en un predio de unas 150 hect\u00e1reas. De aprobarse en el Concejo Deliberante, el proyecto ser\u00eda operativo en los pr\u00f3ximos dos a\u00f1os.<\/p>\n<p>\u201cNecochea podr\u00e1 ser el lugar de la provincia que fabrique la mayor cantidad de megas para ser distribuidos en toda la red nacional\u201d, afirm\u00f3 el intendente Facundo L\u00f3pez al referirse al convenio que firm\u00f3 la Municipalidad que dirige para proyectar la ejecuci\u00f3n de la obra de un parque e\u00f3lico.<\/p>\n<p>Seg\u00fan pudo saber este medio, la iniciativa ingresar\u00e1 en el Concejo Deliberante, que ahora tendr\u00e1 que analizar la propuesta que, a partir de un acuerdo con la\u00a0empresa estatal Centrales de la Costa S.A., permitir\u00e1 la obra en la ciudad.<\/p>\n<p>\u201cSe trata de la colocaci\u00f3n de molinos de generaci\u00f3n de energ\u00eda a trav\u00e9s de la fuerza e\u00f3lica, a trav\u00e9s de una inversi\u00f3n cercana a los 40 millones de d\u00f3lares\u201d, se\u00f1al\u00f3 el m\u00e1ximo mandatario loca a la vez que adelant\u00f3 que\u00a0\u201cma\u00f1ana presentaremos en persona en el HCD el estudio de impacto ambiental y dialogaremos sobre el convenio firmado\u201d.<\/p>\n<p>Sobre el predio en el que se llevar\u00e1 a cabo el emprendimiento, L\u00f3pez inform\u00f3 que \u201ces una cesi\u00f3n de 30 a\u00f1os para su uso y podemos aseverar que en el pr\u00f3ximo a\u00f1o y medio se van a instalar los primeros molinos porque ac\u00e1 hay un convenio firmado entre el Municipio y la Provincia\u201d.<\/p>\n<p>\u201cEn conjunto con la termoel\u00e9ctrica que tenemos en funciones, Necochea podr\u00e1 ser el lugar de la provincia que se fabrique la mayor cantidad de megas para ser distribuidos en toda la red nacional\u201d, precis\u00f3 el jefe comunal del Frente Renovador.<\/p>\n<p>\u201cTener esta posibilidad como intendente de que el distrito crezca y avance en energ\u00edas limpias y renovables, y que seamos un factor importante dentro de lo que es la demanda para la inversi\u00f3n, es una alegr\u00eda inmensa\u201d, agreg\u00f3 L\u00f3pez.<\/p>\n<p>Por su parte, el secretario de Planeamiento, Obras y Servicios P\u00fablicos local, Ricardo Asiain, brind\u00f3 aspectos t\u00e9cnicos sobre el parque, y en ese sentido explic\u00f3 que \u201cse ejecutar\u00eda en un predio de unas 150 hect\u00e1reas, con un proyecto que contempla de m\u00ednima 11 generadores de 3, 2 mega y hasta 14\u201d.<\/p>\n<p>Sobre el convenio, indic\u00f3 que el mismo vislumbra \u201cen los dos primeros a\u00f1os la definici\u00f3n del proyecto ejecutivo y la puesta en operaci\u00f3n\u201d.<\/p>\n<p>Asimismo, destac\u00f3 que \u201cen la situaci\u00f3n que se encuentra el pa\u00eds en cuesti\u00f3n energ\u00e9tica, que Necochea sea uno de los primeros lugares en la provincia en ser tenido en cuenta con esta inversi\u00f3n, para nosotros es un orgullo\u201d.<\/p>\n<p>\u201cEn principio son molinos de 90 metros de altura y las caracter\u00edsticas t\u00e9cnicas est\u00e1n en evaluaci\u00f3n\u201c, concluy\u00f3 el funcionario.<\/p>\n<h6>Fuente: InfoCielo<\/h6>\n","protected":false},"excerpt":{"rendered":"<p>Necochea podr\u00eda convertirse en uno de los pocos lugares en el pa\u00eds en los que se cuenta con un parque e\u00f3lico. El objetivo de esta iniciativa, que prev\u00e9 una inversi\u00f3n de unos 40 millones de d\u00f3lares, es generar su propia energ\u00eda<\/p>\n","protected":false},"author":2,"featured_media":51762,"comment_status":"closed","ping_status":"closed","sticky":false,"template":"","format":"standard","meta":{"footnotes":""},"categories":[2],"tags":[12],"class_list":["post-51761","post","type-post","status-publish","format-standard","has-post-thumbnail","hentry","category-informe-municipal","tag-buenos-aires"],"_links":{"self":[{"href":"http:\/\/argentinamunicipal.com.ar\/argentina\/wp-json\/wp\/v2\/posts\/51761","targetHints":{"allow":["GET"]}}],"collection":[{"href":"http:\/\/argentinamunicipal.com.ar\/argentina\/wp-json\/wp\/v2\/posts"}],"about":[{"href":"http:\/\/argentinamunicipal.com.ar\/argentina\/wp-json\/wp\/v2\/types\/post"}],"author":[{"embeddable":true,"href":"http:\/\/argentinamunicipal.com.ar\/argentina\/wp-json\/wp\/v2\/users\/2"}],"replies":[{"embeddable":true,"href":"http:\/\/argentinamunicipal.com.ar\/argentina\/wp-json\/wp\/v2\/comments?post=51761"}],"version-history":[{"count":0,"href":"http:\/\/argentinamunicipal.com.ar\/argentina\/wp-json\/wp\/v2\/posts\/51761\/revisions"}],"wp:featuredmedia":[{"embeddable":true,"href":"http:\/\/argentinamunicipal.com.ar\/argentina\/wp-json\/wp\/v2\/media\/51762"}],"wp:attachment":[{"href":"http:\/\/argentinamunicipal.com.ar\/argentina\/wp-json\/wp\/v2\/media?parent=51761"}],"wp:term":[{"taxonomy":"category","embeddable":true,"href":"http:\/\/argentinamunicipal.com.ar\/argentina\/wp-json\/wp\/v2\/categories?post=51761"},{"taxonomy":"post_tag","embeddable":true,"href":"http:\/\/argentinamunicipal.com.ar\/argentina\/wp-json\/wp\/v2\/tags?post=51761"}],"curies":[{"name":"wp","href":"https:\/\/api.w.org\/{rel}","templated":true}]}}