{"id":51767,"date":"2016-08-04T07:03:12","date_gmt":"2016-08-04T10:03:12","guid":{"rendered":"http:\/\/argentinamunicipal.com.ar\/argentina\/?p=51767"},"modified":"2016-08-04T07:03:12","modified_gmt":"2016-08-04T10:03:12","slug":"reclaman-la-provincia-buenos-aires-adherir-la-ley-nacional-preservar-sitios-memoria","status":"publish","type":"post","link":"http:\/\/argentinamunicipal.com.ar\/argentina\/reclaman-la-provincia-buenos-aires-adherir-la-ley-nacional-preservar-sitios-memoria\/","title":{"rendered":"Reclaman a la Provincia de Buenos Aires adherir a la ley nacional para preservar Sitios de Memoria"},"content":{"rendered":"<p>El pedido se basa en la \u00abobligaci\u00f3n\u00bb del Estado de proteger esos espacios donde hay pruebas del terrorismo durante la \u00faltima dictadura c\u00edvico-militar. En la provincia de Buenos Aires rondan el centenar.<\/p>\n<p>Un proyecto presentado en la Legislatura bonaerense propone que la Provincia adhiera a la Ley nacional que establece la preservaci\u00f3n, se\u00f1alizaci\u00f3n y difusi\u00f3n de los Sitios de la Memoria del Terrorismo de Estado para garantizar que los espacios sigan siendo protegidos.<\/p>\n<p>La iniciativa, presentada por el diputado Avelino Zurro, establece la adhesi\u00f3n a la norma\u00a0N\u00b0 26.691\u00a0para\u00a0facilitar las investigaciones judiciales y la perpetuaci\u00f3n de la memoria de lo acontecido durante el terrorismo de Estado. Se trata de lugares donde funcionaron centros clanestinos de detenci\u00f3n y se cometieron delitos de lesa humanidad como tortura, exterminio y robo de beb\u00e9s.<\/p>\n<p>Se requiere \u201cun marco jur\u00eddico para la protecci\u00f3n\u00a0de aquellos sitios respecto de los cuales existieren pruebas suficientes sobre su funcionamiento como Centros Clandestinos de Detenci\u00f3n, Tortura y Exterminio -que en territorio bonaerense rondan el centenar-, como as\u00ed tambi\u00e9n todos aquellos lugares donde sucedieron hechos emblem\u00e1ticos del accionar de la represi\u00f3n ilegal\u201d, detall\u00f3 el legislador del FpV al presentar el proyecto.<\/p>\n<p>Entre los fundamentos de la propuesta, Zurro sostuvo que es \u00abresponsabilidad indelegable\u00bb del Estado \u00abla reconstrucci\u00f3n hist\u00f3rica, la b\u00fasqueda de justicia y la elaboraci\u00f3n de propuestas\u00bb para \u00abla reflexi\u00f3n sobre nuestro pasado, nuestro presente y sobre el futuro\u00bb.\u00a0\u00a0\u201cA lo largo de los a\u00f1os, ya en democracia, los organismos de derechos humanos vienen reclamando la recuperaci\u00f3n para la memoria de los ex Centros Clandestinos de Detenci\u00f3n y otros lugares de represi\u00f3n ilegal\u201d, record\u00f3.<\/p>\n<h6>Fuente: InfoCielo<\/h6>\n","protected":false},"excerpt":{"rendered":"<p>El pedido se basa en la \u00abobligaci\u00f3n\u00bb del Estado de proteger esos espacios donde hay pruebas del terrorismo durante la \u00faltima dictadura c\u00edvico-militar. En la provincia de Buenos Aires rondan el centenar.<\/p>\n","protected":false},"author":2,"featured_media":51768,"comment_status":"closed","ping_status":"closed","sticky":false,"template":"","format":"standard","meta":{"footnotes":""},"categories":[65],"tags":[12],"class_list":["post-51767","post","type-post","status-publish","format-standard","has-post-thumbnail","hentry","category-provincias","tag-buenos-aires"],"_links":{"self":[{"href":"http:\/\/argentinamunicipal.com.ar\/argentina\/wp-json\/wp\/v2\/posts\/51767","targetHints":{"allow":["GET"]}}],"collection":[{"href":"http:\/\/argentinamunicipal.com.ar\/argentina\/wp-json\/wp\/v2\/posts"}],"about":[{"href":"http:\/\/argentinamunicipal.com.ar\/argentina\/wp-json\/wp\/v2\/types\/post"}],"author":[{"embeddable":true,"href":"http:\/\/argentinamunicipal.com.ar\/argentina\/wp-json\/wp\/v2\/users\/2"}],"replies":[{"embeddable":true,"href":"http:\/\/argentinamunicipal.com.ar\/argentina\/wp-json\/wp\/v2\/comments?post=51767"}],"version-history":[{"count":0,"href":"http:\/\/argentinamunicipal.com.ar\/argentina\/wp-json\/wp\/v2\/posts\/51767\/revisions"}],"wp:featuredmedia":[{"embeddable":true,"href":"http:\/\/argentinamunicipal.com.ar\/argentina\/wp-json\/wp\/v2\/media\/51768"}],"wp:attachment":[{"href":"http:\/\/argentinamunicipal.com.ar\/argentina\/wp-json\/wp\/v2\/media?parent=51767"}],"wp:term":[{"taxonomy":"category","embeddable":true,"href":"http:\/\/argentinamunicipal.com.ar\/argentina\/wp-json\/wp\/v2\/categories?post=51767"},{"taxonomy":"post_tag","embeddable":true,"href":"http:\/\/argentinamunicipal.com.ar\/argentina\/wp-json\/wp\/v2\/tags?post=51767"}],"curies":[{"name":"wp","href":"https:\/\/api.w.org\/{rel}","templated":true}]}}