{"id":51789,"date":"2016-08-04T07:38:18","date_gmt":"2016-08-04T10:38:18","guid":{"rendered":"http:\/\/argentinamunicipal.com.ar\/argentina\/?p=51789"},"modified":"2016-08-04T07:38:18","modified_gmt":"2016-08-04T10:38:18","slug":"consumo-cayo-mas-interior-del-pais","status":"publish","type":"post","link":"http:\/\/argentinamunicipal.com.ar\/argentina\/consumo-cayo-mas-interior-del-pais\/","title":{"rendered":"El consumo cay\u00f3 m\u00e1s en el interior del pa\u00eds"},"content":{"rendered":"<p>Las familias tratan de esquivarle a la retracci\u00f3n del ingreso, por efecto inflacionario, adquiriendo productos de segundas marcas. El consumo masivo se contrajo un 3% interanual durante el primer semestre del a\u00f1o. Esperan una mejora por las paritarias.<\/p>\n<p>En tiempos de inflaci\u00f3n, los precios bajos son determinantes en las decisiones y en la conductas de consumo masivo, sobre todo al momento de comprar alimentos. Durante el primer semestre del a\u00f1o, las familias tuvieron que adaptarse a los fuertes sacudones inflacionarios. Y en este per\u00edodo, para \u201cestirar el mango\u201d, se consolid\u00f3 la elecci\u00f3n de segundas marcas por sobre las de primera calidad. Sin embargo, tambi\u00e9n aument\u00f3 la demanda de marcas de bajo precio, es decir aquellas que son propias de los supermercados.<\/p>\n<p>Un informe reciente que elaboraron la consultora Focusmarket y la firma de tecnolog\u00eda Scanntech remarc\u00f3 que la demanda de marcas de bajo precio, medida en cantidades, creci\u00f3 el 8% durante la primera mitad del a\u00f1o. En paralelo, la compra de primeras marcas de alimentos cay\u00f3 el 8%, contra una expansi\u00f3n del 5% en las compras de segundas marcas.<\/p>\n<p>La consultora explic\u00f3 en su estudio que el avance de estas opciones econ\u00f3micas, tanto las segundas marcas y como aquellas propias de los supermercados, ayud\u00f3 a los consumidores a mejorar el rendimiento de los salarios, fuertemente afectados por la inflaci\u00f3n. \u201cLas marcas econ\u00f3micas de caf\u00e9, por ejemplo, permitieron un ahorro del 35%, mientras que las de pasta dental generaron un ahorro del 55%\u201d, precis\u00f3 el reporte.<\/p>\n<p>Ante este escenario, y para ganar la atenci\u00f3n de los consumidores, las grandes cadenas de supermercados se apoyaron en la estrategia de ofrecen las primeras marcas con descuentos que van del 35% al 70% en la segunda unidad. Seg\u00fan advirti\u00f3 Dami\u00e1n Di Pace, director de Focusmarket y asesor de la Confederaci\u00f3n Argentina de la Mediana Empresa (CAME), este plan de los grandes supermercados apunta a nivelar los precios de las primeras marcas con los de las marcas m\u00e1s econ\u00f3micas. \u201cLas primeras marcas no bajan los precios de la primera unidad, para que sus estrategias de liderazgo no pierdan terreno contra las marcas m\u00e1s econ\u00f3micas\u201d, cuestion\u00f3 el experto durante una entrevista con LA GACETA.<\/p>\n<p><strong>Comparaciones<\/strong><\/p>\n<p>El consumo masivo se contrajo el 3% interanual en el pa\u00eds, durante el primer semestre del a\u00f1o, seg\u00fan consign\u00f3 Focusmarket. Pero en las provincias del interior, la ca\u00edda fue del 3,6% en promedio, contra el 1,5% de retroceso que registr\u00f3 el Gran Buenos Aires. Di Pace explic\u00f3 que este resultado negativo en las provincias se debe, principalmente, a que la p\u00e9rdida del poder adquisitivo de los salarios fue mayor en relaci\u00f3n a los grandes centros urbanos del pa\u00eds.<\/p>\n<p>\u201cEn el interior tambi\u00e9n hubo un fuerte impacto del ajuste en los precios finales de los bienes de consumo, porque la suba de las tarifas (de los servicios p\u00fablicos privatizados) afect\u00f3 los costos de la cadena de intermediaci\u00f3n\u201d, puntualiz\u00f3 el economista. Adem\u00e1s, a\u00f1adi\u00f3 el efecto negativo que provocaron, en los salarios, los \u00faltimos acuerdos paritarios que obtuvieron los empleados estatales, con gran representatividad en el mercado laboral de las provincias.<\/p>\n<p>Finalmente, Di Pace reflexion\u00f3 sobre las expectativas del consumo masivo para el segundo semestre del a\u00f1o. Y puso \u00e9nfasis en la llegada de los incrementos paritarios que recibir\u00e1n los asalariados. \u201cLa recomposici\u00f3n salarial, en virtud de los diferentes tramos de los acuerdos, deber\u00eda mejorar el escenario del consumo masivo en el segundo semestre, en relaci\u00f3n al primero\u201d, analiz\u00f3. No obstante, aclar\u00f3 que esto no significar\u00e1 una recuperaci\u00f3n de la actividad econ\u00f3mica.<\/p>\n<p>\u201cLa realidad es que el a\u00f1o terminar\u00e1 con una ca\u00edda del Producto Bruto Interno (PBI) del orden el 1,5%\u201d, proyect\u00f3 el economista. Sin embargo, fue optimista en relaci\u00f3n a una posible recuperaci\u00f3n del consumo masivo sobre el final del a\u00f1o. \u201cDentro de este escenario negativo, el \u00faltimo trimestre ser\u00e1 mejor que los tres trimestres anteriores\u201d, concluy\u00f3 Di Pace. El comercio, en general, apuesta todas sus fichas, para recuperar parte del terreno perdido en materia de ventas.<\/p>\n<h6>Fuente: La Gaceta<\/h6>\n","protected":false},"excerpt":{"rendered":"<p>Las familias tratan de esquivarle a la retracci\u00f3n del ingreso, por efecto inflacionario, adquiriendo productos de segundas marcas. El consumo masivo se contrajo un 3% interanual durante el primer semestre del a\u00f1o<\/p>\n","protected":false},"author":2,"featured_media":51790,"comment_status":"closed","ping_status":"closed","sticky":false,"template":"","format":"standard","meta":{"footnotes":""},"categories":[8],"tags":[21],"class_list":["post-51789","post","type-post","status-publish","format-standard","has-post-thumbnail","hentry","category-informe-nacional","tag-argentina"],"_links":{"self":[{"href":"http:\/\/argentinamunicipal.com.ar\/argentina\/wp-json\/wp\/v2\/posts\/51789","targetHints":{"allow":["GET"]}}],"collection":[{"href":"http:\/\/argentinamunicipal.com.ar\/argentina\/wp-json\/wp\/v2\/posts"}],"about":[{"href":"http:\/\/argentinamunicipal.com.ar\/argentina\/wp-json\/wp\/v2\/types\/post"}],"author":[{"embeddable":true,"href":"http:\/\/argentinamunicipal.com.ar\/argentina\/wp-json\/wp\/v2\/users\/2"}],"replies":[{"embeddable":true,"href":"http:\/\/argentinamunicipal.com.ar\/argentina\/wp-json\/wp\/v2\/comments?post=51789"}],"version-history":[{"count":0,"href":"http:\/\/argentinamunicipal.com.ar\/argentina\/wp-json\/wp\/v2\/posts\/51789\/revisions"}],"wp:featuredmedia":[{"embeddable":true,"href":"http:\/\/argentinamunicipal.com.ar\/argentina\/wp-json\/wp\/v2\/media\/51790"}],"wp:attachment":[{"href":"http:\/\/argentinamunicipal.com.ar\/argentina\/wp-json\/wp\/v2\/media?parent=51789"}],"wp:term":[{"taxonomy":"category","embeddable":true,"href":"http:\/\/argentinamunicipal.com.ar\/argentina\/wp-json\/wp\/v2\/categories?post=51789"},{"taxonomy":"post_tag","embeddable":true,"href":"http:\/\/argentinamunicipal.com.ar\/argentina\/wp-json\/wp\/v2\/tags?post=51789"}],"curies":[{"name":"wp","href":"https:\/\/api.w.org\/{rel}","templated":true}]}}