{"id":5179,"date":"2014-03-30T09:23:18","date_gmt":"2014-03-30T12:23:18","guid":{"rendered":"http:\/\/argentinamunicipal.com.ar\/argentina\/?p=5179"},"modified":"2014-03-30T09:23:18","modified_gmt":"2014-03-30T12:23:18","slug":"comenzo-la-paritaria-para-trabajadores-municipales-de-trelew","status":"publish","type":"post","link":"http:\/\/argentinamunicipal.com.ar\/argentina\/comenzo-la-paritaria-para-trabajadores-municipales-de-trelew\/","title":{"rendered":"Comenz\u00f3 la paritaria para trabajadores municipales de Trelew"},"content":{"rendered":"<p><a href=\"http:\/\/argentinamunicipal.com.ar\/argentina\/wp-content\/uploads\/2014\/03\/Cubut-Argentina-Municipalidad-de-Trelew.jpg\"><img loading=\"lazy\" decoding=\"async\" class=\"alignright  wp-image-5181\" alt=\"Cubut Argentina Municipalidad de Trelew\" src=\"http:\/\/argentinamunicipal.com.ar\/argentina\/wp-content\/uploads\/2014\/03\/Cubut-Argentina-Municipalidad-de-Trelew.jpg\" width=\"400\" height=\"300\" srcset=\"http:\/\/argentinamunicipal.com.ar\/argentina\/wp-content\/uploads\/2014\/03\/Cubut-Argentina-Municipalidad-de-Trelew.jpg 500w, http:\/\/argentinamunicipal.com.ar\/argentina\/wp-content\/uploads\/2014\/03\/Cubut-Argentina-Municipalidad-de-Trelew-300x225.jpg 300w\" sizes=\"auto, (max-width: 400px) 100vw, 400px\" \/><\/a>El intendente M\u00e1ximo P\u00e9rez Cat\u00e1n presidi\u00f3 ayer la primera reuni\u00f3n paritaria del a\u00f1o en Trelew, donde junto a representantes gremiales se avanz\u00f3 en la creaci\u00f3n de una agenda de trabajo que permita analizar las distintas propuestas que se tienen en carpeta para los empleados municipales.<\/p>\n<p>Del encuentro formaron parte tambi\u00e9n representantes del Sindicato de Trabajadores Municipales (STM), de la Asociaci\u00f3n de Trabajadores del Estado (ATE), y la Uni\u00f3n del Personal Civil de la Naci\u00f3n (UPCN); adem\u00e1s de los secretarios de Hacienda del Municipio, Gustavo Cast\u00e1n; de Gobierno, Pablo Korn; de Desarrollo Humano y Familia, Jorge Etchepareborda.<\/p>\n<p>La reuni\u00f3n fue formal, cumpliendo lo acordado en los primeros meses del a\u00f1o, en el que estableci\u00f3 para fines de marzo la apertura de las paritarias 2014. Como resultado se acord\u00f3 un nuevo encuentro en el transcurso de la semana pr\u00f3xima, all\u00ed seguramente ya para comenzar a discutir temas puntuales y colectivos.<\/p>\n<h6>Fuente: El Chubut<\/h6>\n","protected":false},"excerpt":{"rendered":"<p>El intendente M\u00e1ximo P\u00e9rez Cat\u00e1n presidi\u00f3 ayer la primera reuni\u00f3n paritaria del a\u00f1o en Trelew, donde junto a representantes gremiales se avanz\u00f3 en la creaci\u00f3n de una agenda de trabajo que permita analizar las distintas propuestas que se tienen en carpeta para los empleados municipales. Del encuentro formaron parte tambi\u00e9n representantes del Sindicato de Trabajadores<\/p>\n","protected":false},"author":2,"featured_media":5181,"comment_status":"closed","ping_status":"closed","sticky":false,"template":"","format":"standard","meta":{"footnotes":""},"categories":[7],"tags":[14],"class_list":["post-5179","post","type-post","status-publish","format-standard","has-post-thumbnail","hentry","category-informe-sindical","tag-chubut"],"_links":{"self":[{"href":"http:\/\/argentinamunicipal.com.ar\/argentina\/wp-json\/wp\/v2\/posts\/5179","targetHints":{"allow":["GET"]}}],"collection":[{"href":"http:\/\/argentinamunicipal.com.ar\/argentina\/wp-json\/wp\/v2\/posts"}],"about":[{"href":"http:\/\/argentinamunicipal.com.ar\/argentina\/wp-json\/wp\/v2\/types\/post"}],"author":[{"embeddable":true,"href":"http:\/\/argentinamunicipal.com.ar\/argentina\/wp-json\/wp\/v2\/users\/2"}],"replies":[{"embeddable":true,"href":"http:\/\/argentinamunicipal.com.ar\/argentina\/wp-json\/wp\/v2\/comments?post=5179"}],"version-history":[{"count":0,"href":"http:\/\/argentinamunicipal.com.ar\/argentina\/wp-json\/wp\/v2\/posts\/5179\/revisions"}],"wp:featuredmedia":[{"embeddable":true,"href":"http:\/\/argentinamunicipal.com.ar\/argentina\/wp-json\/wp\/v2\/media\/5181"}],"wp:attachment":[{"href":"http:\/\/argentinamunicipal.com.ar\/argentina\/wp-json\/wp\/v2\/media?parent=5179"}],"wp:term":[{"taxonomy":"category","embeddable":true,"href":"http:\/\/argentinamunicipal.com.ar\/argentina\/wp-json\/wp\/v2\/categories?post=5179"},{"taxonomy":"post_tag","embeddable":true,"href":"http:\/\/argentinamunicipal.com.ar\/argentina\/wp-json\/wp\/v2\/tags?post=5179"}],"curies":[{"name":"wp","href":"https:\/\/api.w.org\/{rel}","templated":true}]}}