{"id":51792,"date":"2016-08-04T07:52:01","date_gmt":"2016-08-04T10:52:01","guid":{"rendered":"http:\/\/argentinamunicipal.com.ar\/argentina\/?p=51792"},"modified":"2016-08-04T07:52:01","modified_gmt":"2016-08-04T10:52:01","slug":"la-inversion-rueda-barranca","status":"publish","type":"post","link":"http:\/\/argentinamunicipal.com.ar\/argentina\/la-inversion-rueda-barranca\/","title":{"rendered":"La inversi\u00f3n rueda barranca abajo"},"content":{"rendered":"<p>El relevamiento de la Fundaci\u00f3n Germ\u00e1n Abdala refleja una aceleraci\u00f3n de la ca\u00edda en los niveles de inversi\u00f3n. En el primer semestre la baja fue del 7,4 por ciento. La construcci\u00f3n es uno de los sectores m\u00e1s afectados. Tambi\u00e9n decaen las expectativas empresarias.<\/p>\n<p>Ante la fuerte contracci\u00f3n del consumo, el pobre desempe\u00f1o exportador y el ajuste del gasto p\u00fablico desde que asumi\u00f3 Mauricio Macri, la apuesta oficial es que el impulso al crecimiento econ\u00f3mico provenga de la inversi\u00f3n privada. Los datos del Instituto de Trabajo y Econom\u00eda (ITE) de la Fundaci\u00f3n Germ\u00e1n Abdala revelan que ni el supuesto shock de confianza ni la transferencia de recursos hacia los sectores m\u00e1s concentrados permitieron recomponer la formaci\u00f3n bruta de capital: en junio el Indicador Mensual de la Inversi\u00f3n (IMI) registr\u00f3 una contracci\u00f3n interanual de 10,7 por ciento. As\u00ed, la ca\u00edda acumulada durante el primer semestre del a\u00f1o lleg\u00f3 al 7,4 por ciento. Los datos reflejan una aceleraci\u00f3n de la tendencia de ca\u00edda. La construcci\u00f3n p\u00fablica y privada, uno de los componentes m\u00e1s relevantes de la inversi\u00f3n en Argentina, sufri\u00f3 el peor retroceso desde la crisis internacional de 2009. Sin la posibilidad de confiar en una revitalizaci\u00f3n de la inversi\u00f3n privada \u2013local o extranjera\u2013 y en ausencia de un programa estatal de infraestructura que permita dinamizar la actividad, la verdadera apuesta del Gobierno reside en el ingreso de capitales financieros, el endeudamiento externo y la apertura comercial.<\/p>\n<p>\u201cEl Gobierno busca apoyarse en un fuerte proceso de inversi\u00f3n por parte de los privados pero el propio sector p\u00fablico contrae sus planes. La obra p\u00fablica, tanto nacional como provincial, es uno de los principales rubros de ajuste\u201d, se\u00f1al\u00f3 a este diario Leandro Ottone, del ITE. De acuerdo a los datos elaborados por el instituto, la ca\u00edda en la inversi\u00f3n durante junio est\u00e1 explicada principalmente por el descenso de 19,6 por ciento en la construcci\u00f3n. Ese desempe\u00f1o contractivo fue apenas amortiguado por el crecimiento de 0,1 por ciento en Equipos Durables de Producci\u00f3n. \u201cLejos de ser el motor del crecimiento para 2016 como se pronostic\u00f3 al lanzar el Plan Belgrano, la baja ejecuci\u00f3n est\u00e1 generando severas complicaciones en las cadenas de pagos del sector de la construcci\u00f3n, donde tambi\u00e9n se advierten niveles r\u00e9cord de destrucci\u00f3n de puestos de trabajo\u201d, explic\u00f3 el economista del instituto que depende de ATE Capital y la Uni\u00f3n de los Trabajadores de la Educaci\u00f3n.<\/p>\n<p>La inversi\u00f3n registra un retroceso generalizado en toda Am\u00e9rica del Sur pero desde el Gobierno enfatizan que los \u201ccambios estructurales\u201d y la \u201capertura al mundo\u201d ser\u00edan se\u00f1ales suficientes para promover la postergada lluvia de desembolsos de empresarios locales y extranjeros. Las transformaciones propuestas por la Casa Rosada para volver al mundo forman parte del dec\u00e1logo de exigencias del manual internacional de buenas pr\u00e1cticas neoliberales. Sin embargo, la historia argentina revela que la inversi\u00f3n privada destinada al abastecimiento del mercado interno no se reactiva en contextos de contracci\u00f3n de la demanda como el generado por la ca\u00edda en el poder adquisitivo de los trabajadores. El empresariado local invierte cuando tiene perspectivas de incremento de la demanda; una relaci\u00f3n causal opuesta a la postulada por el macrismo.<\/p>\n<p>A su vez, el comportamiento an\u00e9mico del comercio internacional junto con la profunda recesi\u00f3n y crisis pol\u00edtica de Brasil generan un marco poco estimulante para la inversi\u00f3n privada de aquellos sectores industriales y agropecuarios orientados hacia los mercados externos. Si bien se realizaron anuncios aislados de inversiones de multinacionales (muchos reconfirmando proyectos lanzados en los \u00faltimos a\u00f1os), seg\u00fan la CEPAL los flujos de Inversi\u00f3n Extranjera Directa registran una tendencia a la baja en toda la regi\u00f3n. La continuidad de la crisis internacional no s\u00f3lo afecta a los flujos financieros sino tambi\u00e9n a la localizaci\u00f3n de inversi\u00f3n de riesgo en las econom\u00edas emergentes.<\/p>\n<h6>Fuente: P\u00e1gina 12<\/h6>\n","protected":false},"excerpt":{"rendered":"<p>El relevamiento de la Fundaci\u00f3n Germ\u00e1n Abdala refleja una aceleraci\u00f3n de la ca\u00edda en los niveles de inversi\u00f3n. En el primer semestre la baja fue del 7,4 por ciento. La construcci\u00f3n es uno de los sectores m\u00e1s afectados. <\/p>\n","protected":false},"author":2,"featured_media":51793,"comment_status":"closed","ping_status":"closed","sticky":false,"template":"","format":"standard","meta":{"footnotes":""},"categories":[8],"tags":[21],"class_list":["post-51792","post","type-post","status-publish","format-standard","has-post-thumbnail","hentry","category-informe-nacional","tag-argentina"],"_links":{"self":[{"href":"http:\/\/argentinamunicipal.com.ar\/argentina\/wp-json\/wp\/v2\/posts\/51792","targetHints":{"allow":["GET"]}}],"collection":[{"href":"http:\/\/argentinamunicipal.com.ar\/argentina\/wp-json\/wp\/v2\/posts"}],"about":[{"href":"http:\/\/argentinamunicipal.com.ar\/argentina\/wp-json\/wp\/v2\/types\/post"}],"author":[{"embeddable":true,"href":"http:\/\/argentinamunicipal.com.ar\/argentina\/wp-json\/wp\/v2\/users\/2"}],"replies":[{"embeddable":true,"href":"http:\/\/argentinamunicipal.com.ar\/argentina\/wp-json\/wp\/v2\/comments?post=51792"}],"version-history":[{"count":0,"href":"http:\/\/argentinamunicipal.com.ar\/argentina\/wp-json\/wp\/v2\/posts\/51792\/revisions"}],"wp:featuredmedia":[{"embeddable":true,"href":"http:\/\/argentinamunicipal.com.ar\/argentina\/wp-json\/wp\/v2\/media\/51793"}],"wp:attachment":[{"href":"http:\/\/argentinamunicipal.com.ar\/argentina\/wp-json\/wp\/v2\/media?parent=51792"}],"wp:term":[{"taxonomy":"category","embeddable":true,"href":"http:\/\/argentinamunicipal.com.ar\/argentina\/wp-json\/wp\/v2\/categories?post=51792"},{"taxonomy":"post_tag","embeddable":true,"href":"http:\/\/argentinamunicipal.com.ar\/argentina\/wp-json\/wp\/v2\/tags?post=51792"}],"curies":[{"name":"wp","href":"https:\/\/api.w.org\/{rel}","templated":true}]}}