{"id":51813,"date":"2016-08-04T06:18:21","date_gmt":"2016-08-04T09:18:21","guid":{"rendered":"http:\/\/argentinamunicipal.com.ar\/argentina\/?p=51813"},"modified":"2016-08-04T08:21:41","modified_gmt":"2016-08-04T11:21:41","slug":"advirtieron-nivel-exportaciones-decepcionante","status":"publish","type":"post","link":"http:\/\/argentinamunicipal.com.ar\/argentina\/advirtieron-nivel-exportaciones-decepcionante\/","title":{"rendered":"Advirtieron que el nivel de exportaciones es \u00abdecepcionante\u00bb"},"content":{"rendered":"<p>Las ventas al exterior de productos primarios aumentaron en volumen 21,8%, pero s\u00f3lo 9,6% en valor, ya que sus precios cayeron 10%.<\/p>\n<p>El comportamiento de las exportaciones es \u00abdecepcionante, si se tiene en cuenta que una de las medidas m\u00e1s importantes adoptadas por el Gobierno fue la devaluaci\u00f3n\u00bb, advirti\u00f3 el Centro de Estudios de la Nueva Econom\u00eda (CENE) de la Universidad de Belgrano.<\/p>\n<p>Seg\u00fan el informe acad\u00e9mico, \u00abcomo la mayor parte de las exportaciones se concentra en el primer semestre y dado que las importaciones seguramente continuar\u00e1n ubic\u00e1ndose por encima de las cifras de 2015, el saldo de la balanza comercial probablemente sea negativo, aunque menor en valores absolutos a los 3.035 millones de d\u00f3lares de d\u00e9ficit registrados el a\u00f1o pasado\u00bb.<\/p>\n<p>Adem\u00e1s, el CENE indic\u00f3 que del an\u00e1lisis de la balanza comercial del primer semestre se desprende que \u00absi bien mejor\u00f3 el saldo en casi 1.000 millones de d\u00f3lares, al pasar de un valor negativo de 483 millones a uno positivo de 479 millones, esa evoluci\u00f3n fue acompa\u00f1ada de un descenso tanto en las exportaciones como en las importaciones\u00bb.<\/p>\n<p>\u00abDe hecho, las ventas al exterior de productos primarios aumentaron en volumen 21,8%, pero s\u00f3lo 9,6% en valor, ya que sus precios cayeron 10%. Las de manufacturas de origen agropecuario lograron una expansi\u00f3n en cantidades de 17,6%, pero apenas de 3,7% en valor, a ra\u00edz de que sus precios retrocedieron 11,9%\u00bb, a\u00f1adi\u00f3.<\/p>\n<p>Adem\u00e1s, precis\u00f3 que las manufacturas de origen industrial retrocedieron tanto en volumen como en precio -11,1% y 5,3%, respectivamente-, lo cual se tradujo en una merma en valor de 15,9%.<\/p>\n<p>De acuerdo con el reporte, el retroceso en las exportaciones industriales no solo se concentr\u00f3 en la industria automotriz, afectada por la crisis del mercado brasile\u00f1o, sino tambi\u00e9n en rubros como tubos sin costura, material pl\u00e1stico, papel, cart\u00f3n y publicaciones, textiles, m\u00e1quinas y aparatos.<\/p>\n<p>Con relaci\u00f3n a las importaciones, el CENE puntualiz\u00f3 que todos los rubros mostraron ca\u00eddas en los precios y subas en las cantidades, \u00abpese a la devaluaci\u00f3n y la contracci\u00f3n del mercado interno, el levantamiento del cepo cambiario y de las restricciones a la importaci\u00f3n\u00bb.<\/p>\n<p>En particular, explic\u00f3 que crecieron las importaciones de veh\u00edculos de pasajeros procedentes de Brasil; tambi\u00e9n se incrementaron las de bienes de consumo originarias de China. Por lo contrario, cayeron las importaciones de bienes intermedios y de capital, \u00abreflejando la menor actividad econ\u00f3mica de la industria\u00bb, se\u00f1al\u00f3 el informe.<\/p>\n<h6>Fuente: Uno Mendoza<\/h6>\n","protected":false},"excerpt":{"rendered":"<p>Las ventas al exterior de productos primarios aumentaron en volumen 21,8%, pero s\u00f3lo 9,6% en valor, ya que sus precios cayeron 10%.<\/p>\n","protected":false},"author":2,"featured_media":51814,"comment_status":"closed","ping_status":"closed","sticky":false,"template":"","format":"standard","meta":{"footnotes":""},"categories":[8],"tags":[21],"class_list":["post-51813","post","type-post","status-publish","format-standard","has-post-thumbnail","hentry","category-informe-nacional","tag-argentina"],"_links":{"self":[{"href":"http:\/\/argentinamunicipal.com.ar\/argentina\/wp-json\/wp\/v2\/posts\/51813","targetHints":{"allow":["GET"]}}],"collection":[{"href":"http:\/\/argentinamunicipal.com.ar\/argentina\/wp-json\/wp\/v2\/posts"}],"about":[{"href":"http:\/\/argentinamunicipal.com.ar\/argentina\/wp-json\/wp\/v2\/types\/post"}],"author":[{"embeddable":true,"href":"http:\/\/argentinamunicipal.com.ar\/argentina\/wp-json\/wp\/v2\/users\/2"}],"replies":[{"embeddable":true,"href":"http:\/\/argentinamunicipal.com.ar\/argentina\/wp-json\/wp\/v2\/comments?post=51813"}],"version-history":[{"count":0,"href":"http:\/\/argentinamunicipal.com.ar\/argentina\/wp-json\/wp\/v2\/posts\/51813\/revisions"}],"wp:featuredmedia":[{"embeddable":true,"href":"http:\/\/argentinamunicipal.com.ar\/argentina\/wp-json\/wp\/v2\/media\/51814"}],"wp:attachment":[{"href":"http:\/\/argentinamunicipal.com.ar\/argentina\/wp-json\/wp\/v2\/media?parent=51813"}],"wp:term":[{"taxonomy":"category","embeddable":true,"href":"http:\/\/argentinamunicipal.com.ar\/argentina\/wp-json\/wp\/v2\/categories?post=51813"},{"taxonomy":"post_tag","embeddable":true,"href":"http:\/\/argentinamunicipal.com.ar\/argentina\/wp-json\/wp\/v2\/tags?post=51813"}],"curies":[{"name":"wp","href":"https:\/\/api.w.org\/{rel}","templated":true}]}}