{"id":51825,"date":"2016-08-04T08:45:27","date_gmt":"2016-08-04T11:45:27","guid":{"rendered":"http:\/\/argentinamunicipal.com.ar\/argentina\/?p=51825"},"modified":"2016-08-04T08:45:27","modified_gmt":"2016-08-04T11:45:27","slug":"1er-seminario-internacional-politicas-metropolitanas-9-agosto-santa-fe","status":"publish","type":"post","link":"http:\/\/argentinamunicipal.com.ar\/argentina\/1er-seminario-internacional-politicas-metropolitanas-9-agosto-santa-fe\/","title":{"rendered":"1er Seminario Internacional de Pol\u00edticas Metropolitanas &#8211; 9 de agosto &#8211; Santa Fe"},"content":{"rendered":"<p>Exposiciones de expertos, debates sobre la realidad local y aportes para el desarrollo de los conglomerados urbanos, en un encuentro para impulsar pr\u00e1cticas de cooperaci\u00f3n institucional.<\/p>\n<p>Encabezado por el gobernador Miguel Lifschitz, el pr\u00f3ximo martes 9 de agosto en la ciudad de Santa Fe, autoridades provinciales y locales, instituciones de la sociedad civil, profesionales e interesados en la tem\u00e1tica, debatir\u00e1n sobre las pol\u00edticas p\u00fablicas necesarias para la consolidaci\u00f3n de \u00e1reas metropolitanas en la provincia.<\/p>\n<p>El 1er. Seminario Internacional de Pol\u00edticas Metropolitanas se realizar\u00e1 de 9 a 17.30, en el Hotel UNL-ATE (Dr. Maradona 127, acceso RN 168) y contar\u00e1 con disertaciones de expertos nacionales e internacionales. Se enmarca en la reciente sanci\u00f3n de la Ley provincial N\u00ba 13.532 de \u00c1reas Metropolitanas, para promover el debate en materia de pol\u00edticas p\u00fablicas y avanzar en la proyecci\u00f3n y concreci\u00f3n de Entes de Coordinaci\u00f3n de las \u00e1reas metropolitanas en Santa Fe, y reflexionar sobre las experiencias de otras regiones y pa\u00edses para impulsar nuevas pr\u00e1cticas de cooperaci\u00f3n pol\u00edtico-institucional.<\/p>\n<p>Se invita a participar a intendentes, presidentes comunales y equipos t\u00e9cnico-pol\u00edticos de los gobiernos locales, concejales y miembros de comisiones comunales, miembros de instituciones p\u00fablicas y privadas, organizaciones de la sociedad civil, profesionales, estudiantes y ciudadanos interesados en la tem\u00e1tica. La participaci\u00f3n es gratuita y se entregar\u00e1n certificados.<\/p>\n<p><strong>Planificaci\u00f3n<\/strong><\/p>\n<p>El secretario de Gobierno de la provincia de Santa Fe, Mariano Cuvertino, afirm\u00f3 que este seminario internacional \u201ces un espacio que tiene la finalidad de contribuir al fortalecimiento de las capacidades institucionales de los gobiernos locales e impulsar el desarrollo de pol\u00edticas de planificaci\u00f3n estrat\u00e9gica local que fomenten la visi\u00f3n metropolitana y promuevan la gesti\u00f3n asociada entre municipios, comunas y la provincia\u201d.<\/p>\n<p>Cuvertino dijo que \u201cqueremos posicionar a Santa Fe como l\u00edder en materia de desarrollo de pol\u00edticas p\u00fablicas metropolitanas\u201d y record\u00f3 que \u201cvenimos trabajando junto a intendentes y presidentes comunales, concejos municipales, organizaciones sociales en la conformaci\u00f3n de estas \u00e1reas. Adem\u00e1s, contamos con la inestimable experiencia del Ente de Coordinaci\u00f3n Metropolitana (Ecom) en el \u00e1rea metropolitana del Gran Rosario, tenemos el marco legal regulatorio, disponemos de la direcci\u00f3n de \u00c1reas Metropolitanas en el \u00e1mbito del Ministerio de Gobierno de Reforma y el Estado, y tenemos para aportar recursos concretos, la experiencia de gesti\u00f3n y conocimientos t\u00e9cnicos adquiridos\u201d.<\/p>\n<p>\u201cTodo esto pone a la provincia de Santa Fe en un lugar de privilegio en el pa\u00eds para promover un desarrollo sustentable de los grandes conglomerados urbanos provinciales, evitando las consecuencias de la falta de planificaci\u00f3n o del crecimiento an\u00e1rquico y espont\u00e1neo que es tan com\u00fan en otros lugares del pa\u00eds y de Am\u00e9rica Latina\u201d.<\/p>\n<p>El funcionario provincial enfatiz\u00f3 que \u201clos verdaderos protagonistas de este proceso de creaci\u00f3n de nuevas institucionalidades, para dar respuestas a las problem\u00e1ticas de las grandes conurbaciones, son las autoridades locales\u201d.<\/p>\n<p><strong>Beneficios<\/strong><\/p>\n<p>Con respecto a los beneficios concretos de conformar un \u00c1rea Metropolitana para los gobiernos locales y para la ciudadan\u00eda, Cuvertino explic\u00f3 que \u201cpor ejemplo, el crecimiento que tuvo la ciudad de Santa Fe en las \u00faltimas d\u00e9cadas hizo que muchos optaran por vivir en alguna de las localidades cercanas como Santo Tom\u00e9 o Rinc\u00f3n. Tambi\u00e9n sucede que muchos santafesinos trabajan en el parque industrial de Sauce Viejo, en Recreo o en Arroyo Leyes\u201d.<\/p>\n<p>\u201cEl v\u00ednculo entre las localidades que forman el Gran Santa Fe es cada vez m\u00e1s intenso pero, de igual manera, tambi\u00e9n se plantean problem\u00e1ticas comunes entre estos municipios y comunas que superan los l\u00edmites geogr\u00e1ficos y jurisdiccionales. Entonces, no alcanza con que cada localidad tenga un eficiente funcionamiento del transporte, si \u00e9ste no est\u00e1 integrado para dar respuesta al vecino de Santo Tom\u00e9 que necesita venir a Santa Fe, o al que desde Recreo tiene que llegar a Rinc\u00f3n. En este punto, desde el gobierno provincial, consideramos que el \u00e1rea metropolitana del Gran Santa Fe permitir\u00e1 hacer realidad un sistema integrado de transporte entre la ciudad capital y las localidades aleda\u00f1as.\u201d<\/p>\n<p>\u201cAbordar la gesti\u00f3n desde una \u00f3ptica metropolitana tambi\u00e9n permite trabajar y planificar proyectos estrat\u00e9gicos que hacen al desarrollo productivo de la regi\u00f3n, por ejemplo, la reconversi\u00f3n del Puerto de Santa Fe o la concreci\u00f3n del Parque Log\u00edstico y Comercial del \u00c1rea Metropolitana de Santa Fe, son dos acciones que le dar\u00edan gran impulso y crecimiento a la regi\u00f3n, e ineludiblemente requieren una mirada integral y metropolitana para su gesti\u00f3n y concreci\u00f3n\u201d, enfatiz\u00f3 Cuvertino.<\/p>\n<h6>Fuente: El Litoral Santa Fe<\/h6>\n","protected":false},"excerpt":{"rendered":"<p>Exposiciones de expertos, debates sobre la realidad local y aportes para el desarrollo de los conglomerados urbanos, en un encuentro para impulsar pr\u00e1cticas de cooperaci\u00f3n institucional.<\/p>\n","protected":false},"author":2,"featured_media":51826,"comment_status":"closed","ping_status":"closed","sticky":false,"template":"","format":"standard","meta":{"footnotes":""},"categories":[47],"tags":[10],"class_list":["post-51825","post","type-post","status-publish","format-standard","has-post-thumbnail","hentry","category-fiestas","tag-santa-fe"],"_links":{"self":[{"href":"http:\/\/argentinamunicipal.com.ar\/argentina\/wp-json\/wp\/v2\/posts\/51825","targetHints":{"allow":["GET"]}}],"collection":[{"href":"http:\/\/argentinamunicipal.com.ar\/argentina\/wp-json\/wp\/v2\/posts"}],"about":[{"href":"http:\/\/argentinamunicipal.com.ar\/argentina\/wp-json\/wp\/v2\/types\/post"}],"author":[{"embeddable":true,"href":"http:\/\/argentinamunicipal.com.ar\/argentina\/wp-json\/wp\/v2\/users\/2"}],"replies":[{"embeddable":true,"href":"http:\/\/argentinamunicipal.com.ar\/argentina\/wp-json\/wp\/v2\/comments?post=51825"}],"version-history":[{"count":0,"href":"http:\/\/argentinamunicipal.com.ar\/argentina\/wp-json\/wp\/v2\/posts\/51825\/revisions"}],"wp:featuredmedia":[{"embeddable":true,"href":"http:\/\/argentinamunicipal.com.ar\/argentina\/wp-json\/wp\/v2\/media\/51826"}],"wp:attachment":[{"href":"http:\/\/argentinamunicipal.com.ar\/argentina\/wp-json\/wp\/v2\/media?parent=51825"}],"wp:term":[{"taxonomy":"category","embeddable":true,"href":"http:\/\/argentinamunicipal.com.ar\/argentina\/wp-json\/wp\/v2\/categories?post=51825"},{"taxonomy":"post_tag","embeddable":true,"href":"http:\/\/argentinamunicipal.com.ar\/argentina\/wp-json\/wp\/v2\/tags?post=51825"}],"curies":[{"name":"wp","href":"https:\/\/api.w.org\/{rel}","templated":true}]}}