{"id":51831,"date":"2016-08-04T08:51:37","date_gmt":"2016-08-04T11:51:37","guid":{"rendered":"http:\/\/argentinamunicipal.com.ar\/argentina\/?p=51831"},"modified":"2016-08-04T08:51:37","modified_gmt":"2016-08-04T11:51:37","slug":"mas-ocho-mil-vecinos-comenzaron-atenderse-los-dispensarios-rosarinos","status":"publish","type":"post","link":"http:\/\/argentinamunicipal.com.ar\/argentina\/mas-ocho-mil-vecinos-comenzaron-atenderse-los-dispensarios-rosarinos\/","title":{"rendered":"M\u00e1s de ocho mil vecinos comenzaron a atenderse en los dispensarios rosarinos"},"content":{"rendered":"<p>Fue entre abril y junio de este a\u00f1o. Las principales causas son la p\u00e9rdida de la obra social y la imposibilidad de pagar los coseguros<\/p>\n<p>La p\u00e9rdida de la obra social o la incapacidad de afrontar los costos de copago o coseguros que en muchos casos los afiliados deben abonar, empujaron a miles de rosarinos a atenderse en el sistema p\u00fablico de salud. S\u00f3lo en el segundo trimestre del a\u00f1o, entre abril y junio, los centros de atenci\u00f3n primaria de la Municipalidad abrieron m\u00e1s de 2.300 nuevas historias cl\u00ednicas, lo que se traduce en m\u00e1s de 8 mil nuevos pacientes. El secretario de Salud municipal, Leonardo Caruana, se refiri\u00f3 a la suba del 2,6 por ciento como \u00abun aumento considerable de la demanda dado el corto per\u00edodo de tiempo en el que se produjo\u00bb, e indic\u00f3 que se trata de un dato que \u00abhay que seguir de cerca\u00bb. Otro punto que destac\u00f3 el funcionario fue que \u00abla condici\u00f3n de vulnerabilidad que provoca la p\u00e9rdida o precarizaci\u00f3n del empleo muchas veces redunda en que las personas se enfermen m\u00e1s, de eso tambi\u00e9n deberemos hacer un seguimiento\u00bb.<\/p>\n<p>El 50 por ciento de la poblaci\u00f3n de Rosario se atiende en la red de salud p\u00fablica tanto de la Municipalidad como del Ministerio de Salud de la provincia. Y los m\u00e1s de 80 centros de atenci\u00f3n primaria que el municipio tiene repartidos en los seis distritos contienen unas 80 mil historias cl\u00ednicas.<\/p>\n<p>Como por cada familia que adscribe a un centro de salud a trav\u00e9s de historia cl\u00ednica se considera la pareja y cuatro hijos, son m\u00e1s de 300 mil los pacientes que se atienden en estos espacios. Y a la hora de dar dimensi\u00f3n del volumen de consultas, el secretario de Salud remarc\u00f3 que \u00abson entre 8 y 10 mil consultas diarias\u00bb a las que se da respuesta en el territorio.<\/p>\n<p>Demanda. Lo que sucedi\u00f3 entre abril y junio es que el n\u00famero de pacientes se dispar\u00f3 y se abrieron 2.357 nuevas historias cl\u00ednicas en este primer nivel de atenci\u00f3n de la salud, mayoritariamente en los distritos noroeste, oeste y sur. Ese n\u00famero de adscripciones significa un incremento significativo en la demanda, ya que son m\u00e1s de 8.150 pacientes nuevos que se suman a la red de salud p\u00fablica.<\/p>\n<p>Las razones del incremento fueron fundamentalmente la p\u00e9rdida de la obra social en m\u00e1s de un 25 por ciento de los casos, y en porcentaje similar la imposibilidad de afrontar el costo de los copagos o coseguros que exigen muchas veces las obras sociales a la hora de realizar consultas o pr\u00e1cticas. Y otro factor, tambi\u00e9n en un 25 por ciento del total de los casos, fue la llegada de familias de otras ciudades para instalarse en Rosario.<\/p>\n<p>As\u00ed, si bien existe una porci\u00f3n de estas familias que ya se atend\u00edan en otros efectores y por mudanza abrieron una nueva historia cl\u00ednica; desde Salud indicaron que este incremento del 2,6 por ciento del n\u00famero de pacientes se produce en casi el 80 por ciento de los casos por situaciones de p\u00e9rdida de obra social, disminuci\u00f3n de los ingresos para hacer frente a los costos de la salud privada o llegada a la ciudad.<\/p>\n<p>\u00abEn todos los casos esto significa un aumento de la condici\u00f3n de vulnerabilidad de estos pacientes\u00bb, recalc\u00f3 Caruana, y anticip\u00f3 que los datos deber\u00e1n ser \u00abseguidos de cerca\u00bb tanto por el \u00e1rea espec\u00edfica de salud como por el resto de las secretar\u00edas municipales que integran el gabinete social.<\/p>\n<p>M\u00e1s enfermedad. Para el funcionario, que el incremento de la demanda se produzca por situaciones de p\u00e9rdida de trabajo o por una fuerte ca\u00edda del poder adquisitivo de las familias, tiene un fuerte impacto tambi\u00e9n en las condiciones de salud de los pacientes, e inclusive podr\u00eda reflejarse en un incremento de las patolog\u00edas.<\/p>\n<p>\u00abLa situaci\u00f3n de desempleo y p\u00e9rdida del poder adquisitivo pone a los pacientes en condiciones de vulnerabilidad, se pierde la estructura del trabajo y las personas se enferman m\u00e1s, por lo que esto tambi\u00e9n puede provocar un incremento en las consultas\u00bb, advirti\u00f3 el funcionario.<\/p>\n<p>Y anticip\u00f3 que m\u00e1s all\u00e1 de lo espec\u00edfico del \u00e1rea sanitaria, desde el gabinete social del municipio \u2014integrado por las secretar\u00edas General, de Salud, Cultura y Desarrollo Social, y el Instituto de la Mujer,\u2014 se abordar\u00e1n de ser necesarias otras demandas que puedan surgir de estas familias.<\/p>\n<h6>Fuente: La Capital Rosario<\/h6>\n","protected":false},"excerpt":{"rendered":"<p>Fue entre abril y junio de este a\u00f1o. Las principales causas son la p\u00e9rdida de la obra social y la imposibilidad de pagar los coseguros<\/p>\n","protected":false},"author":2,"featured_media":51832,"comment_status":"closed","ping_status":"closed","sticky":false,"template":"","format":"standard","meta":{"footnotes":""},"categories":[2],"tags":[10],"class_list":["post-51831","post","type-post","status-publish","format-standard","has-post-thumbnail","hentry","category-informe-municipal","tag-santa-fe"],"_links":{"self":[{"href":"http:\/\/argentinamunicipal.com.ar\/argentina\/wp-json\/wp\/v2\/posts\/51831","targetHints":{"allow":["GET"]}}],"collection":[{"href":"http:\/\/argentinamunicipal.com.ar\/argentina\/wp-json\/wp\/v2\/posts"}],"about":[{"href":"http:\/\/argentinamunicipal.com.ar\/argentina\/wp-json\/wp\/v2\/types\/post"}],"author":[{"embeddable":true,"href":"http:\/\/argentinamunicipal.com.ar\/argentina\/wp-json\/wp\/v2\/users\/2"}],"replies":[{"embeddable":true,"href":"http:\/\/argentinamunicipal.com.ar\/argentina\/wp-json\/wp\/v2\/comments?post=51831"}],"version-history":[{"count":0,"href":"http:\/\/argentinamunicipal.com.ar\/argentina\/wp-json\/wp\/v2\/posts\/51831\/revisions"}],"wp:featuredmedia":[{"embeddable":true,"href":"http:\/\/argentinamunicipal.com.ar\/argentina\/wp-json\/wp\/v2\/media\/51832"}],"wp:attachment":[{"href":"http:\/\/argentinamunicipal.com.ar\/argentina\/wp-json\/wp\/v2\/media?parent=51831"}],"wp:term":[{"taxonomy":"category","embeddable":true,"href":"http:\/\/argentinamunicipal.com.ar\/argentina\/wp-json\/wp\/v2\/categories?post=51831"},{"taxonomy":"post_tag","embeddable":true,"href":"http:\/\/argentinamunicipal.com.ar\/argentina\/wp-json\/wp\/v2\/tags?post=51831"}],"curies":[{"name":"wp","href":"https:\/\/api.w.org\/{rel}","templated":true}]}}