{"id":51840,"date":"2016-08-05T07:10:27","date_gmt":"2016-08-05T10:10:27","guid":{"rendered":"http:\/\/argentinamunicipal.com.ar\/argentina\/?p=51840"},"modified":"2016-08-05T07:10:27","modified_gmt":"2016-08-05T10:10:27","slug":"intendentes-distintos-partidos-conformaron-consorcio-municipios-zona-norte","status":"publish","type":"post","link":"http:\/\/argentinamunicipal.com.ar\/argentina\/intendentes-distintos-partidos-conformaron-consorcio-municipios-zona-norte\/","title":{"rendered":"Intendentes de distintos partidos conformaron el Consorcio de Municipios en zona Norte"},"content":{"rendered":"<p>El organismo servir\u00e1 para construir una agenda de reclamos y pol\u00edticas comunes sobre producci\u00f3n, medio ambiente, trabajo, entre otros. Lo conforman Ariel Sujarchuk (Escobar), Nicol\u00e1s Ducot\u00e9 (Pilar), Sebasti\u00e1n Abella (Campana); Luis Andreotti (San Fernando), Leonardo Nardini (Malvinas Argentinas) y Julio Zamora (Tigre).<\/p>\n<p>Reunidos en Escobar, seis intendentes de la zona norte de la Provincia firmaron el acta acuerdo para la conformaci\u00f3n del \u201cConsorcio de Municipios Regi\u00f3n Norte\u201d que intentar\u00e1 coordinar diferentes gestiones muncipales con el objetivo de trazar pol\u00edticas comunes, as\u00ed como reclamos conjuntos al estado provincial y nacional.<\/p>\n<p>Los impulsores de la iniciativa que se reunieron en Escobar fueron los intendentes Ariel Sujarchuk (PJ, Escobar), Nicol\u00e1s Ducot\u00e9 (Cambiemos, Pilar), Sebasti\u00e1n Abella (Cambiemos, Campana); Luis Andreotti (FR, San Fernando), Leonardo Nardini (PJ, Malvinas Argentinas) y Julio Zamora (FR, Tigre).<\/p>\n<p>Seg\u00fan consignaron los jefes comunales, el consorcio busca implementar pol\u00edticas, programas y proyectos comunes destinados a mejorar aspectos productivos, sociales, ambientales, educativos, culturales y tur\u00edsticos de la regi\u00f3n.<br \/>\n\u201cNos atraviesan cuestiones globales que deben resolverse con una mirada regional, sin detenernos en los l\u00edmites de un mapa. Este consorcio convoca a intendentes de distintos colores partidarios, pero todos movilizados por generar soluciones y no s\u00f3lo diagn\u00f3sticos de problemas. Con madurez pol\u00edtica y generosidad, nos enriquecemos sumando ideas e inteligencia. Tenemos muchos proyectos regionales para presentar ante Naci\u00f3n y Provincia que entendemos, con humildad, ayudar\u00e1n a mejorar el bienestar general\u201d, enfatiz\u00f3 Sujarchuk, anfitri\u00f3n del encuentro.<\/p>\n<p>Por su parte, el massista Andreotti detall\u00f3 las \u00e1reas en las que trabajar\u00e1n en conjunto: \u201cLa seguridad, el transporte, la generaci\u00f3n de empleo, la construcci\u00f3n de viviendas, la atenci\u00f3n sanitaria, el saneamiento de los arroyos y r\u00edos, el cuidado del medio ambiente, el acceso a los servicios b\u00e1sicos de energ\u00eda y al agua potable, las cloacas, son todos temas que requieren de una mirada regional\u201d.<\/p>\n<p>Zamora consider\u00f3 que \u201cpor condiciones geogr\u00e1ficas, por sus recursos naturales y humanos, por su actividad productiva, la regi\u00f3n Norte 2 cuenta con un potencial enorme para consolidarse como una de las \u00e1reas m\u00e1s pujantes a nivel provincial y nacional. Con la conformaci\u00f3n del consorcio estamos sentando las bases de un proyecto que abre grandes posibilidades a las generaciones futuras\u201d.<\/p>\n<p>Ducot\u00e9 destac\u00f3: \u201cEntre todos los municipios tenemos m\u00e1s puntos en com\u00fan que cuestiones que nos dividan o enfrenten. Sobre esos aspectos que nos integran debemos profundizar para alcanzar el bienestar de nuestros vecinos\u201d.<\/p>\n<h6>Fuente: InfoCielo<\/h6>\n","protected":false},"excerpt":{"rendered":"<p>El organismo servir\u00e1 para construir una agenda de reclamos y pol\u00edticas comunes sobre producci\u00f3n, medio ambiente, trabajo, entre otros. <\/p>\n","protected":false},"author":2,"featured_media":51841,"comment_status":"closed","ping_status":"closed","sticky":false,"template":"","format":"standard","meta":{"footnotes":""},"categories":[2],"tags":[12],"class_list":["post-51840","post","type-post","status-publish","format-standard","has-post-thumbnail","hentry","category-informe-municipal","tag-buenos-aires"],"_links":{"self":[{"href":"http:\/\/argentinamunicipal.com.ar\/argentina\/wp-json\/wp\/v2\/posts\/51840","targetHints":{"allow":["GET"]}}],"collection":[{"href":"http:\/\/argentinamunicipal.com.ar\/argentina\/wp-json\/wp\/v2\/posts"}],"about":[{"href":"http:\/\/argentinamunicipal.com.ar\/argentina\/wp-json\/wp\/v2\/types\/post"}],"author":[{"embeddable":true,"href":"http:\/\/argentinamunicipal.com.ar\/argentina\/wp-json\/wp\/v2\/users\/2"}],"replies":[{"embeddable":true,"href":"http:\/\/argentinamunicipal.com.ar\/argentina\/wp-json\/wp\/v2\/comments?post=51840"}],"version-history":[{"count":0,"href":"http:\/\/argentinamunicipal.com.ar\/argentina\/wp-json\/wp\/v2\/posts\/51840\/revisions"}],"wp:featuredmedia":[{"embeddable":true,"href":"http:\/\/argentinamunicipal.com.ar\/argentina\/wp-json\/wp\/v2\/media\/51841"}],"wp:attachment":[{"href":"http:\/\/argentinamunicipal.com.ar\/argentina\/wp-json\/wp\/v2\/media?parent=51840"}],"wp:term":[{"taxonomy":"category","embeddable":true,"href":"http:\/\/argentinamunicipal.com.ar\/argentina\/wp-json\/wp\/v2\/categories?post=51840"},{"taxonomy":"post_tag","embeddable":true,"href":"http:\/\/argentinamunicipal.com.ar\/argentina\/wp-json\/wp\/v2\/tags?post=51840"}],"curies":[{"name":"wp","href":"https:\/\/api.w.org\/{rel}","templated":true}]}}