{"id":51843,"date":"2016-08-05T07:15:26","date_gmt":"2016-08-05T10:15:26","guid":{"rendered":"http:\/\/argentinamunicipal.com.ar\/argentina\/?p=51843"},"modified":"2016-08-05T07:15:26","modified_gmt":"2016-08-05T10:15:26","slug":"reunion-insaurralde-ferraresi-iran-detras-del-traspaso-la-policia-local","status":"publish","type":"post","link":"http:\/\/argentinamunicipal.com.ar\/argentina\/reunion-insaurralde-ferraresi-iran-detras-del-traspaso-la-policia-local\/","title":{"rendered":"Reuni\u00f3n entre Insaurralde y Ferraresi: ir\u00e1n detr\u00e1s del traspaso de la Polic\u00eda Local"},"content":{"rendered":"<p>El intendente de Lomas de Zamora, Mart\u00edn Insaurralde, y su par de Avellaneda, Jorge Ferraresi, se reunieron hoy para intentar plantear una agenda en com\u00fan. Del encuentro surgi\u00f3 la posibilidad de impulsar una reforma pol\u00edtica y continuar presionando para que la Provincia transfiera la Polic\u00eda Local a los Municipios.<\/p>\n<p>El jefe comunal de Lomas de Zamora, Mart\u00edn Insaurralde, \u00a0lleg\u00f3 hoy al distrito vecino de Avellaneda para reunirse con Jorge Ferrares en el marco de reuniones en torno al debate de un proyecto de ley del traspaso de la Polic\u00eda Local desde la Provincia hacia los Municipios, adem\u00e1s de discutir la posibilidad de llevar adelante una reforma pol\u00edtica que, entre otras cosas, plantea la prohibici\u00f3n de las reelecciones indefinidas.<\/p>\n<p>Ambas iniciativas, impulsadas por Insaurralde junto a un grupo de dirigentes justicialistas bonaerenses, cosecharon en las \u00faltimas semanas numerosas adhesiones. Ahora, y tal como coment\u00f3 Ferraresi, desde el Ejecutivo que dirige respaldar\u00e1n \u00abel proyecto presentado en la Legislatura provincial para municipalizar las Polic\u00edas\u00bb.<\/p>\n<p>M\u00e1s all\u00e1 de este encuentro, el jefe comunal de Avellaneda ya se hab\u00eda manifestado a favor al pedir que el Gobierno que dirige Mar\u00eda Eugenia Vidal transfiera \u00abtodos los recursos, todo el personal, todas las comisar\u00edas, todos los patrulleros y a partir \u00a0de eso hacernos cargo definitivamente\u00bb.<\/p>\n<p>Por otro lado, la propuesta de una reforma pol\u00edtica bonaerense\u00a0incluye el apoyo al voto electr\u00f3nico, la prohibici\u00f3n a reelecciones indefinidas, la incompatibilidad de ocupar dos cargos a la vez y una mayor autonom\u00eda para las comunas, proyecto que va en sinton\u00eda con una iniciativa similar presentado por el Frente Renovador de Sergio Massa.<\/p>\n<p>\u201cSolucionar los problemas de los bonaerenses requiere articular ideas y propuestas desde diferentes miradas para ofrecer soluciones superadoras\u201d, indic\u00f3 el intendente de Lomas de Zamora.<\/p>\n<h6>Fuente: InfoCielo<\/h6>\n","protected":false},"excerpt":{"rendered":"<p>El intendente de Lomas de Zamora, Mart\u00edn Insaurralde, y su par de Avellaneda, Jorge Ferraresi, se reunieron hoy para intentar plantear una agenda en com\u00fan. <\/p>\n","protected":false},"author":2,"featured_media":51844,"comment_status":"closed","ping_status":"closed","sticky":false,"template":"","format":"standard","meta":{"footnotes":""},"categories":[4],"tags":[12],"class_list":["post-51843","post","type-post","status-publish","format-standard","has-post-thumbnail","hentry","category-informe-politico","tag-buenos-aires"],"_links":{"self":[{"href":"http:\/\/argentinamunicipal.com.ar\/argentina\/wp-json\/wp\/v2\/posts\/51843","targetHints":{"allow":["GET"]}}],"collection":[{"href":"http:\/\/argentinamunicipal.com.ar\/argentina\/wp-json\/wp\/v2\/posts"}],"about":[{"href":"http:\/\/argentinamunicipal.com.ar\/argentina\/wp-json\/wp\/v2\/types\/post"}],"author":[{"embeddable":true,"href":"http:\/\/argentinamunicipal.com.ar\/argentina\/wp-json\/wp\/v2\/users\/2"}],"replies":[{"embeddable":true,"href":"http:\/\/argentinamunicipal.com.ar\/argentina\/wp-json\/wp\/v2\/comments?post=51843"}],"version-history":[{"count":0,"href":"http:\/\/argentinamunicipal.com.ar\/argentina\/wp-json\/wp\/v2\/posts\/51843\/revisions"}],"wp:featuredmedia":[{"embeddable":true,"href":"http:\/\/argentinamunicipal.com.ar\/argentina\/wp-json\/wp\/v2\/media\/51844"}],"wp:attachment":[{"href":"http:\/\/argentinamunicipal.com.ar\/argentina\/wp-json\/wp\/v2\/media?parent=51843"}],"wp:term":[{"taxonomy":"category","embeddable":true,"href":"http:\/\/argentinamunicipal.com.ar\/argentina\/wp-json\/wp\/v2\/categories?post=51843"},{"taxonomy":"post_tag","embeddable":true,"href":"http:\/\/argentinamunicipal.com.ar\/argentina\/wp-json\/wp\/v2\/tags?post=51843"}],"curies":[{"name":"wp","href":"https:\/\/api.w.org\/{rel}","templated":true}]}}