{"id":51870,"date":"2016-08-05T07:49:00","date_gmt":"2016-08-05T10:49:00","guid":{"rendered":"http:\/\/argentinamunicipal.com.ar\/argentina\/?p=51870"},"modified":"2016-08-05T07:49:00","modified_gmt":"2016-08-05T10:49:00","slug":"segunda-protesta-pais-tarifazo-los-servicios","status":"publish","type":"post","link":"http:\/\/argentinamunicipal.com.ar\/argentina\/segunda-protesta-pais-tarifazo-los-servicios\/","title":{"rendered":"Segunda protesta en todo el pa\u00eds contra el tarifazo en los servicios"},"content":{"rendered":"<p>Una nuevo cacerolazo de protesta \u2013el segundo desde el 14 de julio\u2013 en contra los aumentos de tarifas en los servicios de gas y electricidad fue convocado anoche en distintos puntos del pa\u00eds, con presencia sobre todo en el centro y en barrios de la ciudad de Buenos Aires.<\/p>\n<p>A partir de las 20 de ayer, usuarios que rechazan los incrementos tarifarios \u2013que se encuentran suspendidos por la Justicia\u2013 exteriorizaron su protesta en las calles haciendo sonar bocinas y golpeando cacerolas .<\/p>\n<p>Al diferenica del primer \u201cruidazo\u201d del 14 de julio, en esta ocasi\u00f3n no hubo un punto de encuentro principal, sino diversas concentraciones en ciudades como C\u00f3rdoba, Mendoza, Rosario, Salta, La Plata y Mar del Plata. En tanto que en Buenos Aires y el conurbano las manifestaciones se realizaron en la mayor\u00eda de los barrios y, con menor presencia, en la Plaza de la Rep\u00fablica.<\/p>\n<p>Como en la protesta de hace tres semanas, tambi\u00e9n se dieron cita manifestantes frente a la Residencia de Olivos, aunque el presidente Mauricio Macri ya se encontraba en R\u00edo de Janeiro.<\/p>\n<p>Asimismo, agrupaciones sociales y pol\u00edticas \u2013entre ellas el Partido Obrero, el PTS, el Nuevo Mas, el MST y La C\u00e1mpora\u2013 reclamaron contra las medidas econ\u00f3micas de Macri y volvieron a pedir la renuncia del ministro de Energ\u00eda y Miner\u00eda, Juan Jos\u00e9 Aranguren, cuya cartera fue la encargada de emitir las resoluciones que dispusieron los incrementos tarifarios en la luz y el gas a comienzos de gesti\u00f3n.<\/p>\n<p>El rechazo a las subas tambi\u00e9n se not\u00f3 a trav\u00e9s de las redes sociales, donde los usuarios de Twitter, adem\u00e1s de hacer p\u00fablica su protesta, difundieron im\u00e1genes de las manifestaciones en diferentes puntos del pa\u00eds. Esos aumentos se encuentran suspendidos por la Justicia.<\/p>\n<h6>Fuente: R\u00edo Negro<\/h6>\n","protected":false},"excerpt":{"rendered":"<p>Una nuevo cacerolazo de protesta \u2013el segundo desde el 14 de julio\u2013 en contra los aumentos de tarifas en los servicios de gas y electricidad fue convocado anoche en distintos puntos del pa\u00eds, con presencia sobre todo en el centro y en barrios de la ciudad de Buenos Aires.<\/p>\n","protected":false},"author":2,"featured_media":51871,"comment_status":"closed","ping_status":"closed","sticky":false,"template":"","format":"standard","meta":{"footnotes":""},"categories":[8],"tags":[21],"class_list":["post-51870","post","type-post","status-publish","format-standard","has-post-thumbnail","hentry","category-informe-nacional","tag-argentina"],"_links":{"self":[{"href":"http:\/\/argentinamunicipal.com.ar\/argentina\/wp-json\/wp\/v2\/posts\/51870","targetHints":{"allow":["GET"]}}],"collection":[{"href":"http:\/\/argentinamunicipal.com.ar\/argentina\/wp-json\/wp\/v2\/posts"}],"about":[{"href":"http:\/\/argentinamunicipal.com.ar\/argentina\/wp-json\/wp\/v2\/types\/post"}],"author":[{"embeddable":true,"href":"http:\/\/argentinamunicipal.com.ar\/argentina\/wp-json\/wp\/v2\/users\/2"}],"replies":[{"embeddable":true,"href":"http:\/\/argentinamunicipal.com.ar\/argentina\/wp-json\/wp\/v2\/comments?post=51870"}],"version-history":[{"count":0,"href":"http:\/\/argentinamunicipal.com.ar\/argentina\/wp-json\/wp\/v2\/posts\/51870\/revisions"}],"wp:featuredmedia":[{"embeddable":true,"href":"http:\/\/argentinamunicipal.com.ar\/argentina\/wp-json\/wp\/v2\/media\/51871"}],"wp:attachment":[{"href":"http:\/\/argentinamunicipal.com.ar\/argentina\/wp-json\/wp\/v2\/media?parent=51870"}],"wp:term":[{"taxonomy":"category","embeddable":true,"href":"http:\/\/argentinamunicipal.com.ar\/argentina\/wp-json\/wp\/v2\/categories?post=51870"},{"taxonomy":"post_tag","embeddable":true,"href":"http:\/\/argentinamunicipal.com.ar\/argentina\/wp-json\/wp\/v2\/tags?post=51870"}],"curies":[{"name":"wp","href":"https:\/\/api.w.org\/{rel}","templated":true}]}}