{"id":51879,"date":"2016-08-05T08:04:58","date_gmt":"2016-08-05T11:04:58","guid":{"rendered":"http:\/\/argentinamunicipal.com.ar\/argentina\/?p=51879"},"modified":"2016-08-05T08:04:58","modified_gmt":"2016-08-05T11:04:58","slug":"la-provincia-cordoba-una-ciudad-entera-contratados","status":"publish","type":"post","link":"http:\/\/argentinamunicipal.com.ar\/argentina\/la-provincia-cordoba-una-ciudad-entera-contratados\/","title":{"rendered":"La Provincia de C\u00f3rdoba tiene una ciudad entera de contratados"},"content":{"rendered":"<p>Son 11.150 en todas las \u00e1reas, sin contar docentes. A fin de mes termina el plazo y el Gobierno deber\u00e1 decidir qui\u00e9nes contin\u00faan. El SEP reclama renovar todos los contratos y llamar a concurso para la efectivizaci\u00f3n. Equivale a toda la planta de la Municipalidad de C\u00f3rdoba.<\/p>\n<p>El Centro C\u00edvico reconoci\u00f3 oficialmente que hay 11.150 empleados de la administraci\u00f3n provincial que est\u00e1n contratados, sin contar docentes, cifra que iguala a toda la planta de personal de la Municipalidad de C\u00f3rdoba y representa a una ciudad entera (las poblaciones adquieren esa categor\u00eda cuando tienen m\u00e1s de 10 mi habitantes).<\/p>\n<p>La Provincia cuenta con un total de casi 123 mil empleados (dato de marzo pasado), con lo cual los 11.150 contratados representan el nueve por ciento de todos los agentes provinciales.<\/p>\n<p>La totalidad de los contratos vencen el 31 de este mes y la pregunta del mill\u00f3n \u2013que por ahora no tiene respuesta en el Gobierno\u2013 es a qu\u00e9 cantidad de esos agentes se les renovar\u00e1 su continuidad en el sector p\u00fablico.<\/p>\n<p>Seg\u00fan la alta fuente oficial que proporcion\u00f3 la informaci\u00f3n a La Voz , el grueso de la antig\u00fcedad promedio de esos empleados es de cuatro a\u00f1os y medio, lo que revela que la mayor\u00eda de esos agentes ingres\u00f3 en el inicio del anterior gobierno de Jos\u00e9 Manuel de la Sota.<\/p>\n<p>Del total de contratados, 6.475 pertenecen a la administraci\u00f3n central, 4.523 al Equipo de Salud y 152 a otros reg\u00edmenes (cuerpos art\u00edsticos, viales y cient\u00edficos, entre otros), seg\u00fan el detalle al que accedi\u00f3 este medio.<\/p>\n<p>La Provincia siempre ha evitado blanquear el n\u00famero de contratados, ya que el correcto uso de esa categor\u00eda laboral se ha distorsionado en las distintas administraciones.<\/p>\n<p>Es un secreto a voces que la mayor\u00eda de los gobiernos contratan personal como pago pol\u00edtico a punteros o militantes que colaboraron en las campa\u00f1as electorales y que despu\u00e9s terminan qued\u00e1ndose en la administraci\u00f3n, en muchos casos sin una necesidad real o sin contar con la idoneidad para las funciones que desempe\u00f1an. Una excepci\u00f3n al ingreso innecesario se da en el \u00e1rea de salud, que tiene una creciente demanda real de recursos humanos.<\/p>\n<p>Por eso, se descuenta que en ese sector hay m\u00e1s garant\u00edas de continuidad. Se presume, entonces, que el foco m\u00e1s sensible se ubica sobre algunos empleados de la administraci\u00f3n central, que incluye a los distintos ministerios.<\/p>\n<p><strong>Lo que dice la ley<\/strong><\/p>\n<p>Tanto la legislaci\u00f3n nacional como provincial sobre empleo p\u00fablico no admiten que el Estado tome personal transitorio para sus labores habituales y ordinarias, ni que extienda en el tiempo ese tipo de prestaciones.<\/p>\n<p>El art\u00edculo 7 de la ley provincial 7.233 que rige a la administraci\u00f3n establece que la relaci\u00f3n laboral del contratado tiene un plazo determinado y \u201cse emplear\u00e1 exclusivamente para realizar trabajos que, a juicio de la autoridad, no puedan ser ejecutados o no convenga que sean realizados por el personal permanente, dada su especialidad\u201d.<\/p>\n<p>En un regl\u00f3n aparte aparece el personal transitorio que, seg\u00fan el art\u00edculo 8 de la misma ley, se emplea para \u201cla ejecuci\u00f3n de servicios, explotaciones, obras o tareas de car\u00e1cter temporario, eventual o estacional, y que por esas mismas caracter\u00edsticas y por necesidades del servicio no conviene que sean realizadas por la planta permanente\u201d.<\/p>\n<p>En marzo pasado, la planilla oficial indicaba que el personal transitorio provincial totalizaba 13.680 agentes, dentro de los cuales se incluye a los contratados.<\/p>\n<p><strong>Planteos del SEP<\/strong><\/p>\n<p>Desde el Sindicato de Empleados P\u00fablicos (SEP), el secretario adjunto, Sergio Castro, advirti\u00f3 que el gremio reclamar\u00e1 la renovaci\u00f3n de todos los contratos e insistir\u00e1 en que se llame a concursos p\u00fablicos como paso previo a su efectivizaci\u00f3n.<\/p>\n<p>A diferencia de lo que dice el Gobierno, Castro asegura que hay una importante cantidad de contratados que tiene entre ocho y hasta 10 a\u00f1os de antig\u00fcedad y se\u00f1ala que muchos ingresaron en la anterior gesti\u00f3n de Schiaretti.<\/p>\n<p>\u201cHasta ahora no tenemos ning\u00fan tipo de informaci\u00f3n sobre lo que har\u00e1 el Gobierno\u201d, admiti\u00f3 el n\u00famero dos del SEP. Jos\u00e9 Pihen, titular del gremio, se tom\u00f3 unos d\u00edas de vacaciones.<\/p>\n<p>El SEP lleva adelante, desde hace casi dos meses, en medidas de protesta por la continuidad de los contratados y por la reapertura de la paritaria.<\/p>\n<p>Seg\u00fan el gremio, 179 administrativos que revisten como contratados se presentaron a concurso y 85 los ganaron, pero hasta ahora s\u00f3lo 13 fueron efectivizados.<\/p>\n<p>Castro dijo que el SEP pidi\u00f3 una audiencia a la secretaria General de la Gobernaci\u00f3n, Silvina Rivero, quien pilotea las negociaciones con los estatales, pero hasta ahora no tuvo respuesta.<\/p>\n<p>Advirti\u00f3 que en caso de que el Gobierno no contestara, el gremio profundizar\u00e1 su plan de lucha, aunque no avanz\u00f3 en detalles.<\/p>\n<p>En medio de la puja salarial por la p\u00e9rdida de poder adquisitivo, se especula que el Ejecutivo utilizar\u00e1 la finalizaci\u00f3n de los concursos para frenar el reclamo de reapertura de paritarias del SEP, que ya fue desestimado al gremio docente en una reuni\u00f3n realizada el martes pasado.<\/p>\n<p><strong>Estatales provinciales<\/strong><\/p>\n<p>Aumento de la planta. Los contratados crecen m\u00e1s que los empleados permanentes.<\/p>\n<p>11,3%. Ese fue el aumento interanual en la cantidad de empleados temporarios en 2015. La planta estable, en cambio, subi\u00f3 dos por ciento.<\/p>\n<h6>Fuente: La Voz del Interior<\/h6>\n","protected":false},"excerpt":{"rendered":"<p>Son 11.150 en todas las \u00e1reas, sin contar docentes. A fin de mes termina el plazo y el Gobierno deber\u00e1 decidir qui\u00e9nes contin\u00faan. El SEP reclama renovar todos los contratos y llamar a concurso para la efectivizaci\u00f3n. <\/p>\n","protected":false},"author":2,"featured_media":51880,"comment_status":"closed","ping_status":"closed","sticky":false,"template":"","format":"standard","meta":{"footnotes":""},"categories":[65],"tags":[3],"class_list":["post-51879","post","type-post","status-publish","format-standard","has-post-thumbnail","hentry","category-provincias","tag-cordoba"],"_links":{"self":[{"href":"http:\/\/argentinamunicipal.com.ar\/argentina\/wp-json\/wp\/v2\/posts\/51879","targetHints":{"allow":["GET"]}}],"collection":[{"href":"http:\/\/argentinamunicipal.com.ar\/argentina\/wp-json\/wp\/v2\/posts"}],"about":[{"href":"http:\/\/argentinamunicipal.com.ar\/argentina\/wp-json\/wp\/v2\/types\/post"}],"author":[{"embeddable":true,"href":"http:\/\/argentinamunicipal.com.ar\/argentina\/wp-json\/wp\/v2\/users\/2"}],"replies":[{"embeddable":true,"href":"http:\/\/argentinamunicipal.com.ar\/argentina\/wp-json\/wp\/v2\/comments?post=51879"}],"version-history":[{"count":0,"href":"http:\/\/argentinamunicipal.com.ar\/argentina\/wp-json\/wp\/v2\/posts\/51879\/revisions"}],"wp:featuredmedia":[{"embeddable":true,"href":"http:\/\/argentinamunicipal.com.ar\/argentina\/wp-json\/wp\/v2\/media\/51880"}],"wp:attachment":[{"href":"http:\/\/argentinamunicipal.com.ar\/argentina\/wp-json\/wp\/v2\/media?parent=51879"}],"wp:term":[{"taxonomy":"category","embeddable":true,"href":"http:\/\/argentinamunicipal.com.ar\/argentina\/wp-json\/wp\/v2\/categories?post=51879"},{"taxonomy":"post_tag","embeddable":true,"href":"http:\/\/argentinamunicipal.com.ar\/argentina\/wp-json\/wp\/v2\/tags?post=51879"}],"curies":[{"name":"wp","href":"https:\/\/api.w.org\/{rel}","templated":true}]}}