{"id":51892,"date":"2016-08-05T08:18:31","date_gmt":"2016-08-05T11:18:31","guid":{"rendered":"http:\/\/argentinamunicipal.com.ar\/argentina\/?p=51892"},"modified":"2016-08-05T08:18:31","modified_gmt":"2016-08-05T11:18:31","slug":"se-perdieron-mas-100-000-puestos-trabajo-desde-fines-2015","status":"publish","type":"post","link":"http:\/\/argentinamunicipal.com.ar\/argentina\/se-perdieron-mas-100-000-puestos-trabajo-desde-fines-2015\/","title":{"rendered":"Se perdieron m\u00e1s de 100.000 puestos de trabajo desde fines de 2015"},"content":{"rendered":"<p>Unos 100 mil puestos de trabajo se perdieron desde fines de 2015 y los sectores m\u00e1s afectados fueron construcci\u00f3n y la industria, seg\u00fan un informe de la Fundaci\u00f3n Mediterr\u00e1nea.<\/p>\n<p>El proceso recesivo iniciado a mediados del a\u00f1o pasado y las medidas tomadas por la administraci\u00f3n de Mauricio Macri afectaron seriamente los \u00edndices de empleo, sintetiz\u00f3 la entidad.<\/p>\n<p>\u00abLa falta de reformas en el \u00e1mbito laboral, con uno de cada tres trabajadores que permanecen en la informalidad, trae aparejada una mayor vulnerabilidad del mercado de trabajo ante coyunturas adversas\u00bb, consider\u00f3 el IERAL de la Fundaci\u00f3n.<\/p>\n<p>Se\u00f1al\u00f3 tambi\u00e9n que \u00abla recuperaci\u00f3n del empleo depende no s\u00f3lo de una mejora de las condiciones macroecon\u00f3micas sino tambi\u00e9n de una agenda activa de cambios legislativos, de pol\u00edtica laboral e impositiva, que posibiliten el despegue de la competitividad del pa\u00eds\u00bb.<\/p>\n<p>La entidad remarc\u00f3 que la p\u00e9rdida de 100 mil puestos formales se inici\u00f3 a fines del tercer trimestre del a\u00f1o pasado hasta el presente.<\/p>\n<p>Sostuvo que \u00abmientras tanto, es clave que pueda ser contenida la conflictividad en el segmento formal del mercado de trabajo\u00bb, aunque advirti\u00f3 que \u00abla situaci\u00f3n es compleja, ya que por un lado hay paritarias que se han desdoblado y por otro lado hay p\u00e9rdida del salario real\u00bb.<\/p>\n<p>El informe indica que \u00abel empleo privado en entornos formales se encuentra estancado desde hace cuatro a\u00f1os, m\u00e1s all\u00e1 de la recuperaci\u00f3n que mostr\u00f3 el a\u00f1o pasado con relaci\u00f3n al magro desempe\u00f1o econ\u00f3mico observado durante 2014\u00bb.<\/p>\n<p>\u00abPese a este impulso, ya iniciado el \u00faltimo trimestre de 2015, el empleo formal (en su serie desestacionalizada) volvi\u00f3 a contraerse y esta tendencia persisti\u00f3 durante la primera mitad de 2016. Desde entonces y hasta mayo del corriente a\u00f1o (\u00faltima referencia disponible), se perdieron cerca de 100 mil empleos formales\u00bb, alert\u00f3.<\/p>\n<h6>Fuente: El Once<\/h6>\n","protected":false},"excerpt":{"rendered":"<p>Unos 100 mil puestos de trabajo se perdieron desde fines de 2015 y los sectores m\u00e1s afectados fueron construcci\u00f3n y la industria, seg\u00fan un informe de la Fundaci\u00f3n Mediterr\u00e1nea.<\/p>\n","protected":false},"author":2,"featured_media":51893,"comment_status":"closed","ping_status":"closed","sticky":false,"template":"","format":"standard","meta":{"footnotes":""},"categories":[8],"tags":[21],"class_list":["post-51892","post","type-post","status-publish","format-standard","has-post-thumbnail","hentry","category-informe-nacional","tag-argentina"],"_links":{"self":[{"href":"http:\/\/argentinamunicipal.com.ar\/argentina\/wp-json\/wp\/v2\/posts\/51892","targetHints":{"allow":["GET"]}}],"collection":[{"href":"http:\/\/argentinamunicipal.com.ar\/argentina\/wp-json\/wp\/v2\/posts"}],"about":[{"href":"http:\/\/argentinamunicipal.com.ar\/argentina\/wp-json\/wp\/v2\/types\/post"}],"author":[{"embeddable":true,"href":"http:\/\/argentinamunicipal.com.ar\/argentina\/wp-json\/wp\/v2\/users\/2"}],"replies":[{"embeddable":true,"href":"http:\/\/argentinamunicipal.com.ar\/argentina\/wp-json\/wp\/v2\/comments?post=51892"}],"version-history":[{"count":0,"href":"http:\/\/argentinamunicipal.com.ar\/argentina\/wp-json\/wp\/v2\/posts\/51892\/revisions"}],"wp:featuredmedia":[{"embeddable":true,"href":"http:\/\/argentinamunicipal.com.ar\/argentina\/wp-json\/wp\/v2\/media\/51893"}],"wp:attachment":[{"href":"http:\/\/argentinamunicipal.com.ar\/argentina\/wp-json\/wp\/v2\/media?parent=51892"}],"wp:term":[{"taxonomy":"category","embeddable":true,"href":"http:\/\/argentinamunicipal.com.ar\/argentina\/wp-json\/wp\/v2\/categories?post=51892"},{"taxonomy":"post_tag","embeddable":true,"href":"http:\/\/argentinamunicipal.com.ar\/argentina\/wp-json\/wp\/v2\/tags?post=51892"}],"curies":[{"name":"wp","href":"https:\/\/api.w.org\/{rel}","templated":true}]}}