{"id":51910,"date":"2016-08-08T06:54:38","date_gmt":"2016-08-08T09:54:38","guid":{"rendered":"http:\/\/argentinamunicipal.com.ar\/argentina\/?p=51910"},"modified":"2016-08-08T06:54:38","modified_gmt":"2016-08-08T09:54:38","slug":"mas-trabajo-san-cayetano-gobierno-no-renovara-los-acuerdos-antidespidos","status":"publish","type":"post","link":"http:\/\/argentinamunicipal.com.ar\/argentina\/mas-trabajo-san-cayetano-gobierno-no-renovara-los-acuerdos-antidespidos\/","title":{"rendered":"M\u00e1s trabajo para San Cayetano: El Gobierno no renovar\u00e1 los acuerdos \u00abantidespidos\u00bb"},"content":{"rendered":"<p>El ministro de Trabajo, Jorge Triaca, confirm\u00f3 que el gobierno nacional no prev\u00e9 renovar los acuerdos firmados 90 d\u00edas atr\u00e1s con los empresarios para evitar despidos.<\/p>\n<p>El Gobierno nacional no prev\u00e9 renovar el \u00abcompromiso por el empleo\u00bb, esa argucia a la que Mauricio Macri ech\u00f3 mano para morigerar el costo pol\u00edtico del veto a la ley antidespidos que sancion\u00f3 el Congreso Nacional y que congelaba los despidos por 90 d\u00edas a trav\u00e9s de un acuerdo con los empresarios.<\/p>\n<p>De acuerdo al diario La Naci\u00f3n, el propio ministro de Trabajo, Jorge Triaca, confirm\u00f3 la decisi\u00f3n, al asegurar que \u00abla tendencia (negativa del empleo) comenz\u00f3 a cambiar. Se estabiliz\u00f3\u00bb.<\/p>\n<p>Seg\u00fan ese matutino, el Gobierno prev\u00e9 que, de la mano de la inversi\u00f3n en materia de obra p\u00fablica, habr\u00e1 una reactivaci\u00f3n del empleo. El diagn\u00f3stico no es, sin embargo, compartido por los sectores sindicales que no ver\u00e1n con buenos ojos esta decisi\u00f3n.<\/p>\n","protected":false},"excerpt":{"rendered":"<p>El ministro de Trabajo, Jorge Triaca, confirm\u00f3 que el gobierno nacional no prev\u00e9 renovar los acuerdos firmados 90 d\u00edas atr\u00e1s con los empresarios para evitar despidos.<\/p>\n","protected":false},"author":2,"featured_media":51911,"comment_status":"closed","ping_status":"closed","sticky":false,"template":"","format":"standard","meta":{"footnotes":""},"categories":[8],"tags":[21],"class_list":["post-51910","post","type-post","status-publish","format-standard","has-post-thumbnail","hentry","category-informe-nacional","tag-argentina"],"_links":{"self":[{"href":"http:\/\/argentinamunicipal.com.ar\/argentina\/wp-json\/wp\/v2\/posts\/51910","targetHints":{"allow":["GET"]}}],"collection":[{"href":"http:\/\/argentinamunicipal.com.ar\/argentina\/wp-json\/wp\/v2\/posts"}],"about":[{"href":"http:\/\/argentinamunicipal.com.ar\/argentina\/wp-json\/wp\/v2\/types\/post"}],"author":[{"embeddable":true,"href":"http:\/\/argentinamunicipal.com.ar\/argentina\/wp-json\/wp\/v2\/users\/2"}],"replies":[{"embeddable":true,"href":"http:\/\/argentinamunicipal.com.ar\/argentina\/wp-json\/wp\/v2\/comments?post=51910"}],"version-history":[{"count":0,"href":"http:\/\/argentinamunicipal.com.ar\/argentina\/wp-json\/wp\/v2\/posts\/51910\/revisions"}],"wp:featuredmedia":[{"embeddable":true,"href":"http:\/\/argentinamunicipal.com.ar\/argentina\/wp-json\/wp\/v2\/media\/51911"}],"wp:attachment":[{"href":"http:\/\/argentinamunicipal.com.ar\/argentina\/wp-json\/wp\/v2\/media?parent=51910"}],"wp:term":[{"taxonomy":"category","embeddable":true,"href":"http:\/\/argentinamunicipal.com.ar\/argentina\/wp-json\/wp\/v2\/categories?post=51910"},{"taxonomy":"post_tag","embeddable":true,"href":"http:\/\/argentinamunicipal.com.ar\/argentina\/wp-json\/wp\/v2\/tags?post=51910"}],"curies":[{"name":"wp","href":"https:\/\/api.w.org\/{rel}","templated":true}]}}