{"id":51922,"date":"2016-08-08T07:31:36","date_gmt":"2016-08-08T10:31:36","guid":{"rendered":"http:\/\/argentinamunicipal.com.ar\/argentina\/?p=51922"},"modified":"2016-08-08T07:31:36","modified_gmt":"2016-08-08T10:31:36","slug":"cordoba-la-crisis-pega-la-mesa-techo-los-servicios","status":"publish","type":"post","link":"http:\/\/argentinamunicipal.com.ar\/argentina\/cordoba-la-crisis-pega-la-mesa-techo-los-servicios\/","title":{"rendered":"C\u00f3rdoba: La crisis pega en la mesa, en el techo y en los servicios"},"content":{"rendered":"<p>En la Municipalidad de C\u00f3rdoba, notan que se multiplican los pedidos de ayuda alimentaria. En el Gobierno provincial, acusan una suba en la demanda de trabajo para poder sostener el pago de alquileres y de facturas de luz y de gas.\u00a0Comedores en alerta en C\u00f3rdoba: no pueden atender a todos.<\/p>\n<p>Lejos de los devaneos de pol\u00edticos y de t\u00e9cnicos respecto de si habr\u00e1 o no \u201csegundo semestre\u201d con repunte econ\u00f3mico o si habr\u00e1 que esperar confiados a 2017, las secuelas del ajuste del primer tramo de este a\u00f1o, con causas generadoras que se remontan incluso a mediados de 2015, ya prenden luces de alerta en el tablero social.<\/p>\n<p>Desde el Gobierno provincial y desde la Municipalidad de C\u00f3rdoba admiten, por igual, que la devaluaci\u00f3n y la inflaci\u00f3n pusieron a miles de cordobeses en posici\u00f3n de demandar asistencia oficial, aunque esas dos ventanillas receptan distintas prioridades.<\/p>\n<p>\u201cAntes, los naranjitas nos ped\u00edan calles para trabajar. Ahora piden comida. Algo similar nos pasa con los carreros. La gente tiene problemas para comer. Es una realidad\u201d, dice Walter Fe-\u2028rreyra, subsecretario de Desarrollo Social del municipio.<\/p>\n<p>\u201cLos pedidos de alimentos se incrementaron un 10 por ciento, pero los vinculados a h\u00e1bitat y a servicios, en un 30 por ciento. La gente que perdi\u00f3 el trabajo o su changa privilegia comer y destina la plata que tiene a eso, pero no llega a pagar el alquiler o a comprar una garrafa de gas\u201d, complementa por su lado Rodrigo Rufeil, ministro de Desarrollo Social.<\/p>\n<p>Hist\u00f3ricamente, la Municipalidad de C\u00f3rdoba nunca se hizo fuerte en materia de prestaciones sociales, que se canalizaron m\u00e1s bien por el lado de la Provincia. Pero ahora los pedidos de ayuda, literalmente, \u201cdetonaron\u201d el presupuesto del \u00e1rea.<\/p>\n<p>Para asistencia alimentaria, Desarrollo Social dispon\u00eda de 23 millones de pesos, que hace rato agot\u00f3 (hab\u00eda remanente de deuda de arrastre de 2015).<\/p>\n<p>Ahora tiene en tr\u00e1mite una ampliaci\u00f3n de partidas por 18 millones de pesos y la proyecci\u00f3n anticipa que ser\u00e1n necesarios varios millones m\u00e1s para cerrar el a\u00f1o, en una caja que no se caracteriza precisamente por tener excedentes disponibles.<\/p>\n<p>La previsi\u00f3n oficial era entregar 15 mil m\u00f3dulos alimentarios en todo 2016, pero ahora esa cifra representa apenas la demanda mensual. La realidad social dio vuelta el tablero.<\/p>\n<p>\u201cVenimos de licitar la compra de 6.600 m\u00f3dulos y vamos por otros 10 mil. A este ritmo, para el \u00faltimo cuatrimestre necesitar\u00edamos otras cuatro compras, de 10 mil m\u00f3dulos cada una para responder a la demanda\u201d, reconoce Ferreyra.<\/p>\n<p>A un promedio de 160 pesos por bols\u00f3n (tienen 11 productos), para cubrir de septiembre a fin de a\u00f1o, a Desarrollo Social le har\u00edan falta partidas extras por 6,4 millones de pesos.<\/p>\n<p>Ferreyra se\u00f1ala que las demandas de ayuda no son s\u00f3lo una percepci\u00f3n y que se verifican por distintas v\u00edas: los CPC, los operativos \u2018La Muni en tu barrio\u2019 y los servicios de protecci\u00f3n de derechos (referidos a ni\u00f1os) no paran de generar pedidos.<\/p>\n<p>Algo similar pasa con el plan alimentario Vale lo Nuestro, que financia la Naci\u00f3n. Pese a que son apenas 130 pesos mensuales, un valor que fue absolutamente devorado por la inflaci\u00f3n, los pedidos de altas en el sistema son permanentes.<\/p>\n<p>\u201cPara la gente que est\u00e1 en emergencia, todo suma\u201d, remarca Ferreyra, a la hora de buscarle una explicaci\u00f3n a esa conducta.<\/p>\n<p><strong>Sin resto<\/strong><\/p>\n<p>Desde la Provincia, Rufeil comparte la preocupaci\u00f3n del municipio, aunque con una visi\u00f3n diferente. Por el perfil de demanda que recibe el Ministerio, eval\u00faa que las luces amarillas est\u00e1n encendidas en las cuestiones que hacen m\u00e1s a la contenci\u00f3n del grupo familiar, como h\u00e1bitat, empleo y servicios.<\/p>\n<p>\u201cHubo picos de pedidos de bolsones, pero hoy el eje est\u00e1 pasando m\u00e1s por el techo y por posibilidades de trabajo. Vemos gente que perdi\u00f3 sus ingresos y que no tiene c\u00f3mo pagar las facturas o directamente no puede sostener el alquiler\u201d, remarca Rufeil.<\/p>\n<p>Esos casos derivan en pedidos de ayuda directa a la cartera social, aunque son cuestiones m\u00e1s de fondo, que no se solucionan con un bols\u00f3n. \u201cTodos los casos son evaluados por las trabajadoras sociales\u201d, aclara el ministro, y reconoce que es muy dif\u00edcil responder a esos pedidos.<\/p>\n<p>A su vez, los aportes de bolsones alimentarios en la Provincia suman, en promedio, de tres mil a cuatro mil por mes.<\/p>\n<p><strong>Expectativas<\/strong><\/p>\n<p>En cuanto a empleo, Rufeil se mostr\u00f3 expectante por lo que pueda pasar con la macroeconom\u00eda, pero tambi\u00e9n referenci\u00f3 el plano local con la demanda de mano de obra que generar\u00e1 el ambicioso plan provincial de obras.<\/p>\n<p>Sin contar los grandes emprendimientos (gas, rutas, cloacas), destac\u00f3 que, por ejemplo, s\u00f3lo el plan Vida Digna, que contempla entregas de 25 mil pesos para mejoramiento habitacional, puede dar algo de aire en lo inmediato a los ingresos de familias de escasos recursos.<\/p>\n<p>\u201cSon 10 mil cr\u00e9ditos por a\u00f1o, para ampliar o mejorar ba\u00f1o o habitaci\u00f3n. Un c\u00e1lculo conservador marca que cada caso de esos puede generar una oportunidad laboral, ya sea para el propio beneficiario o para un alba\u00f1il. Esperamos que la actividad se empiece a mover un poco\u201d, analiz\u00f3.<\/p>\n<h6>Fuente: La Voz del Interior<\/h6>\n","protected":false},"excerpt":{"rendered":"<p>En la Municipalidad de C\u00f3rdoba, notan que se multiplican los pedidos de ayuda alimentaria. En el Gobierno provincial, acusan una suba en la demanda de trabajo para poder sostener el pago de alquileres y de facturas de luz y de gas. Comedores en alerta en C\u00f3rdoba: no pueden atender a todos. <\/p>\n","protected":false},"author":2,"featured_media":51923,"comment_status":"closed","ping_status":"closed","sticky":false,"template":"","format":"standard","meta":{"footnotes":""},"categories":[2],"tags":[3],"class_list":["post-51922","post","type-post","status-publish","format-standard","has-post-thumbnail","hentry","category-informe-municipal","tag-cordoba"],"_links":{"self":[{"href":"http:\/\/argentinamunicipal.com.ar\/argentina\/wp-json\/wp\/v2\/posts\/51922","targetHints":{"allow":["GET"]}}],"collection":[{"href":"http:\/\/argentinamunicipal.com.ar\/argentina\/wp-json\/wp\/v2\/posts"}],"about":[{"href":"http:\/\/argentinamunicipal.com.ar\/argentina\/wp-json\/wp\/v2\/types\/post"}],"author":[{"embeddable":true,"href":"http:\/\/argentinamunicipal.com.ar\/argentina\/wp-json\/wp\/v2\/users\/2"}],"replies":[{"embeddable":true,"href":"http:\/\/argentinamunicipal.com.ar\/argentina\/wp-json\/wp\/v2\/comments?post=51922"}],"version-history":[{"count":0,"href":"http:\/\/argentinamunicipal.com.ar\/argentina\/wp-json\/wp\/v2\/posts\/51922\/revisions"}],"wp:featuredmedia":[{"embeddable":true,"href":"http:\/\/argentinamunicipal.com.ar\/argentina\/wp-json\/wp\/v2\/media\/51923"}],"wp:attachment":[{"href":"http:\/\/argentinamunicipal.com.ar\/argentina\/wp-json\/wp\/v2\/media?parent=51922"}],"wp:term":[{"taxonomy":"category","embeddable":true,"href":"http:\/\/argentinamunicipal.com.ar\/argentina\/wp-json\/wp\/v2\/categories?post=51922"},{"taxonomy":"post_tag","embeddable":true,"href":"http:\/\/argentinamunicipal.com.ar\/argentina\/wp-json\/wp\/v2\/tags?post=51922"}],"curies":[{"name":"wp","href":"https:\/\/api.w.org\/{rel}","templated":true}]}}