{"id":51925,"date":"2016-08-08T07:35:47","date_gmt":"2016-08-08T10:35:47","guid":{"rendered":"http:\/\/argentinamunicipal.com.ar\/argentina\/?p=51925"},"modified":"2016-08-08T07:35:47","modified_gmt":"2016-08-08T10:35:47","slug":"fantasma-del-desempleo-sobrevolo-la-festividad-del-patrono-del-trabajo-rosario","status":"publish","type":"post","link":"http:\/\/argentinamunicipal.com.ar\/argentina\/fantasma-del-desempleo-sobrevolo-la-festividad-del-patrono-del-trabajo-rosario\/","title":{"rendered":"El fantasma del desempleo sobrevol\u00f3 la festividad del Patrono del Trabajo en Rosario"},"content":{"rendered":"<p>La procesi\u00f3n fue m\u00e1s masiva que otros a\u00f1os. En parte porque cay\u00f3 en domingo, en parte por la creciente incertidumbre laboral<\/p>\n<p>Esta vez la festividad de San Cayetano cay\u00f3 un domingo y el tibio sol de agosto ayud\u00f3, pero esos fueron apenas dos factores que se sumaron a la creciente preocupaci\u00f3n por conservar o conseguir un empleo para que la procesi\u00f3n fuera m\u00e1s masiva que otros a\u00f1os. Una compacta y variopinta columna de fieles que super\u00f3 las dos cuadras largas escolt\u00f3 la imagen del Patrono del Trabajo desde la iglesia de Buenos Aires al 2100 hasta la plaza Libertad, donde el arzobispo de Rosario, monse\u00f1or Eduardo Eliseo Mart\u00edn, celebr\u00f3 una misa de campa\u00f1a. En su homil\u00eda, el religioso hizo suya una reflexi\u00f3n del Papa Francisco (ver p\u00e1gina 4) al recordar que \u00abpan y trabajo son dos palabras que siempre deben ir juntas\u00bb, porque \u00abel pan sin trabajo no dignifica, humilla y hace sentir al que lo recibe que no sirve para otra cosa\u00bb.<\/p>\n<p>Como siempre, entre los fieles identificados con la cl\u00e1sica espiga que simboliza el pan primaron las mujeres, pero esta vez esa mayor\u00eda se vio matizada por la presencia de familias completas dispuestas tanto a agradecer como a pedirle al santo, que este a\u00f1o recuper\u00f3 un perfil claramente \u00abespecializado\u00bb para interceder ante la problem\u00e1tica laboral.<\/p>\n<p>De hecho, todos los testimonios recogidos por LaCapital aludieron a que alguien del grupo familiar hab\u00eda perdido o estaba buscando un empleo, y con la \u00abintenci\u00f3n\u00bb de resolver ese problema hab\u00edan acudido a San Cayetano.<\/p>\n<p>\u00abEstoy desocupado desde enero, cuando perd\u00ed mi trabajo en Expreso Br\u00edo\u00bb, cont\u00f3 Marcelo Alarc\u00f3n, quien dijo compartir \u00abla preocupaci\u00f3n de todos por lo que se est\u00e1 viendo\u00bb. Antes \u00abven\u00eda a agradecer, hoy me vuelve a tocar pedir\u00bb, afirm\u00f3 el hombre, de 49 a\u00f1os.<\/p>\n<p>Irma y Mar\u00eda Natividad Carbonelli tambi\u00e9n participaron de la celebraci\u00f3n. Una para agradecer que su hijo mantiene el empleo, la otra para pedir que una hija lo consiga, despu\u00e9s de haber perdido su puesto en un geri\u00e1trico.<\/p>\n<p>Los testimonios se repitieron. La familia de Antonela Navarro y su marido Mauricio, padres de dos peque\u00f1as nenas, se sum\u00f3 a la saga: la pareja relat\u00f3 que en marzo \u00faltimo se quedaron sin empleo (hasta entonces ambos formaban parte del personal de la empresa de limpieza Laverex) y hoy sobreviven gracias a un emprendimiento familiar de panificaci\u00f3n artesanal.<\/p>\n<p>Betty Lugo fue otra que llev\u00f3 a la vez agradecimiento y peticiones. Al santo le dio gracias por haberse podido sobreponer a un ACV y le rog\u00f3 por su hija, recientemente despedida de un supermercado.<\/p>\n<p>\u00abHay que pedir siempre para que todos tengamos trabajo\u00bb, dijeron por su parte Mercedes Cobar (55) y Cipriano Gonz\u00e1lez, empleada dom\u00e9stica ella y alba\u00f1il \u00e9l. A pocos metros, Melina Blanco (40) hizo extensivo el ruego \u00abpara todo el pa\u00eds\u00bb.<\/p>\n<p>Con esa problem\u00e1tica m\u00e1s presente este a\u00f1o que en los \u00faltimos, tambi\u00e9n el arzobispo Mart\u00edn la puso como eje de su homil\u00eda, ligando el pan al trabajo como garant\u00eda de dignidad.<\/p>\n<p>\u00abEl pan debe llegar a la mesa con el sudor de la frente, Dios mismo nos manda a trabajar. \u00bfPero si lo busco y no lo tengo? El trabajo es un derecho humano\u00bb, record\u00f3 el prelado, quien luego exhort\u00f3 a los fieles a pedir por la \u00abpatria\u00bb y para que haya \u00abm\u00e1s dirigentes que busquen el bienestar de nuestro pueblo\u00bb.<\/p>\n<p>Y si con esas palabras pareci\u00f3 reclamar empleo genuino, con una mirada cr\u00edtica al mero asistencialismo, tambi\u00e9n cuestion\u00f3 la \u00abidolatr\u00eda\u00bb de \u00abla usura, la lujuria y el poder\u00bb, que \u00abtanto da\u00f1o le causan a la patria\u00bb.<\/p>\n<p>Hacer el d\u00eda. Como pasa todos los 7 de agosto, mientras miles de fieles desfilan ante la imagen del santo de la Divina Providencia pidiendo salud y trabajo hay quienes hacen de la festividad su propia fuente de ingresos. Son los vendedores de souvenirs, puesteros y feriantes que recorren parques y festividades, muchas veces por todo el pa\u00eds.<\/p>\n<p>Entre ellos ayer no hubo una mirada un\u00e1nime sobre si se hab\u00eda trabajado bien, regular o mal. \u00abPara m\u00ed nada que ver con el a\u00f1o pasado, yo vend\u00ed un 40 por ciento abajo\u00bb, sostuvo Marcelo, quien incluso interpret\u00f3 el fen\u00f3meno. \u00abEn \u00e9pocas malas la gente se aferra a la fe, pero el problema es que ha perdido poder adquisitivo\u00bb.<\/p>\n<p>A pocos metros de su puesto, Yanina asegur\u00f3 en cambio haber vendido \u00abbien\u00bb (unas 600 espigas con estampitas, a raz\u00f3n de tres por 10 pesos), algo que atribuy\u00f3 a que \u00abel d\u00eda acompa\u00f1\u00f3 mucho\u00bb.<\/p>\n<p>Frasquitos \u00abde la abundancia\u00bb, panes y espigas \u00abde la prosperidad\u00bb, botellas, semillas, imanes, cintas, cucharas, escobitas y ristras de ajos, rigurosamente adosadas a la imagen de San Cayetano, formaron parte del \u00abmerchandising\u00bb del d\u00eda, con precios que iban de los 10 a los 30 pesos.<\/p>\n<p>Como verdaderos sat\u00e9lites de la celebraci\u00f3n, vendedores de gaseosas y golosinas, juguetes, inflables y \u00abnovedades\u00bb de toda laya mostraron que, cuando la intenci\u00f3n es trabajar, el santo sabe efectivamente dar una mano.<\/p>\n<h6>Fuente: LaCapital Rosario<\/h6>\n","protected":false},"excerpt":{"rendered":"<p>La procesi\u00f3n fue m\u00e1s masiva que otros a\u00f1os. En parte porque cay\u00f3 en domingo, en parte por la creciente incertidumbre laboral<\/p>\n","protected":false},"author":2,"featured_media":51926,"comment_status":"closed","ping_status":"closed","sticky":false,"template":"","format":"standard","meta":{"footnotes":""},"categories":[2],"tags":[10],"class_list":["post-51925","post","type-post","status-publish","format-standard","has-post-thumbnail","hentry","category-informe-municipal","tag-santa-fe"],"_links":{"self":[{"href":"http:\/\/argentinamunicipal.com.ar\/argentina\/wp-json\/wp\/v2\/posts\/51925","targetHints":{"allow":["GET"]}}],"collection":[{"href":"http:\/\/argentinamunicipal.com.ar\/argentina\/wp-json\/wp\/v2\/posts"}],"about":[{"href":"http:\/\/argentinamunicipal.com.ar\/argentina\/wp-json\/wp\/v2\/types\/post"}],"author":[{"embeddable":true,"href":"http:\/\/argentinamunicipal.com.ar\/argentina\/wp-json\/wp\/v2\/users\/2"}],"replies":[{"embeddable":true,"href":"http:\/\/argentinamunicipal.com.ar\/argentina\/wp-json\/wp\/v2\/comments?post=51925"}],"version-history":[{"count":0,"href":"http:\/\/argentinamunicipal.com.ar\/argentina\/wp-json\/wp\/v2\/posts\/51925\/revisions"}],"wp:featuredmedia":[{"embeddable":true,"href":"http:\/\/argentinamunicipal.com.ar\/argentina\/wp-json\/wp\/v2\/media\/51926"}],"wp:attachment":[{"href":"http:\/\/argentinamunicipal.com.ar\/argentina\/wp-json\/wp\/v2\/media?parent=51925"}],"wp:term":[{"taxonomy":"category","embeddable":true,"href":"http:\/\/argentinamunicipal.com.ar\/argentina\/wp-json\/wp\/v2\/categories?post=51925"},{"taxonomy":"post_tag","embeddable":true,"href":"http:\/\/argentinamunicipal.com.ar\/argentina\/wp-json\/wp\/v2\/tags?post=51925"}],"curies":[{"name":"wp","href":"https:\/\/api.w.org\/{rel}","templated":true}]}}