{"id":51928,"date":"2016-08-08T07:40:54","date_gmt":"2016-08-08T10:40:54","guid":{"rendered":"http:\/\/argentinamunicipal.com.ar\/argentina\/?p=51928"},"modified":"2016-08-08T07:40:54","modified_gmt":"2016-08-08T10:40:54","slug":"la-iglesia-catolica-volvio-advertir-los-altos-indices-desocupacion","status":"publish","type":"post","link":"http:\/\/argentinamunicipal.com.ar\/argentina\/la-iglesia-catolica-volvio-advertir-los-altos-indices-desocupacion\/","title":{"rendered":"La Iglesia Cat\u00f3lica volvi\u00f3 a advertir sobre los \u00abaltos\u00bb \u00edndices de desocupaci\u00f3n"},"content":{"rendered":"<p>El arzobispo de Buenos Aires reclam\u00f3 \u00abprogreso, paz y justicia para todos\u00bb y ley\u00f3 una carta del Papa donde cuestiona el problema del desempleo<\/p>\n<p>La Iglesia volvi\u00f3 a advertir sobre la dura realidad del desempleo. En la misa celebrada en la puerta del templo de San Cayetano, el Arzobispo de Buenos Aires, cardenal Mario Poli, reclam\u00f3 \u00abprogreso, paz y justicia para todos\u00bb. Y ley\u00f3 la carta que d\u00edas atr\u00e1s envi\u00f3 el Papa alertando sobre \u00ab\u00edndices significativamente altos\u00bb de desocupaci\u00f3n y pidiendo a los obispos que acompa\u00f1en a quienes \u00abpiden pan y trabajo\u00bb.<\/p>\n<p>Ante las miles de personas que llegaron al templo del barrio porte\u00f1o de Liniers desde la madrugada, Poli exhort\u00f3 a seguir los \u00abmandamientos de la compasi\u00f3n y la misericordia con el otro, que no es mi enemigo, sino mi hermano, mi semejante, mi pr\u00f3jimo\u00bb. En ese marco, implor\u00f3 a San Cayetano \u00abque no falte el pan y el trabajo en las familias\u00bb argentinas y que \u00abnos d\u00e9 progreso, paz y justicia para todos\u00bb.<\/p>\n<p>Acompa\u00f1ando la fiesta religiosa, organizaciones sociales, pol\u00edticas y sindicales, marcharon desde el santuario hasta la Plaza de Mayo para reclamar al gobierno medidas para enfrentar la inflaci\u00f3n y el aumento de tarifas (ver aparte).<\/p>\n<p>El arzobispo de Buenos Aires no hizo menci\u00f3n a esa movilizaci\u00f3n en su homil\u00eda. Sin embargo, recordando el bicentenario de la independencia advirti\u00f3 sobre la necesidad de pol\u00edticas p\u00fablicas que atiendan la demanda de sectores excluidos de la poblaci\u00f3n.<\/p>\n<p>\u00abEl acta de la independencia alcanzar\u00e1 su plena vigencia cuando la familia m\u00e1s postergada de los argentinos tenga una casa digna para formar su hogar, donde no falte la asistencia de la salud, la educaci\u00f3n y un trabajo digno y honrado\u00bb, afirm\u00f3.<\/p>\n<p>Al predicar el evangelio sobre la \u00abpar\u00e1bola del buen samaritano\u00bb, Poli se\u00f1al\u00f3 que los pr\u00f3ceres de la independencia fueron \u00ablos primeros samaritanos de la patria\u00bb y el ideal que gui\u00f3 sus pasos \u2014el de un pa\u00eds que funcione \u00abcomo una gran familia\u00bb y donde primen la \u00absolidaridad\u00bb y la \u00abfraternidad\u00bb\u2014 est\u00e1 todav\u00eda \u00abmuy lejos de haberse alcanzado\u00bb.<\/p>\n<p>Desde Roma. Las palabras del arzobispo fueron seguidas por miles de personas que lo escuchaban mientras sosten\u00edan en alto el tradicional ramo de espigas con la estampita de San Cayetano.<\/p>\n<p>Al comienzo de su serm\u00f3n Poli ley\u00f3 una carta del Papa Francisco, fechada el primero de agosto y dirigida al presidente de la Conferencia Episcopal Argentina, el obispo Jos\u00e9 Mar\u00eda Arancedo.<\/p>\n<p>En la misiva, el Sumo Pont\u00edfice saludaba a los fieles que asist\u00edan a las iglesias para pedir a San Cayetano pan y trabajo. Y destacaba que el pan \u00abes m\u00e1s f\u00e1cil conseguirlo\u00bb porque siempre hay personas o instituciones solidarias, \u00abpero el trabajo es tan dif\u00edcil lograrlo, sobre todo cuando seguimos viviendo momentos en los cuales los \u00edndices de desocupaci\u00f3n son significativamente altos\u00bb.<\/p>\n<p>Adem\u00e1s advert\u00eda que \u00abel pan te soluciona una parte del problema, pero a medias, porque ese pan no es el que gan\u00e1s con tu trabajo. Una cosa es tener pan para comer en casa y otra es llevarlo a casa como fruto del trabajo. Y esto es lo que confiere dignidad\u00bb.<\/p>\n<p>Finalmente, solicitaba a los obispos \u00abacompa\u00f1ar a nuestros hermanos que piden pan y trabajo. Y lo hagamos con cari\u00f1o, cercan\u00eda y oraci\u00f3n, y pidamos tambi\u00e9n para nosotros esa gracia\u00bb.<\/p>\n<h6>Fuente: La Capital Rosario<\/h6>\n","protected":false},"excerpt":{"rendered":"<p>El arzobispo de Buenos Aires reclam\u00f3 \u00abprogreso, paz y justicia para todos\u00bb y ley\u00f3 una carta del Papa donde cuestiona el problema del desempleo<\/p>\n","protected":false},"author":2,"featured_media":51929,"comment_status":"closed","ping_status":"closed","sticky":false,"template":"","format":"standard","meta":{"footnotes":""},"categories":[8],"tags":[21],"class_list":["post-51928","post","type-post","status-publish","format-standard","has-post-thumbnail","hentry","category-informe-nacional","tag-argentina"],"_links":{"self":[{"href":"http:\/\/argentinamunicipal.com.ar\/argentina\/wp-json\/wp\/v2\/posts\/51928","targetHints":{"allow":["GET"]}}],"collection":[{"href":"http:\/\/argentinamunicipal.com.ar\/argentina\/wp-json\/wp\/v2\/posts"}],"about":[{"href":"http:\/\/argentinamunicipal.com.ar\/argentina\/wp-json\/wp\/v2\/types\/post"}],"author":[{"embeddable":true,"href":"http:\/\/argentinamunicipal.com.ar\/argentina\/wp-json\/wp\/v2\/users\/2"}],"replies":[{"embeddable":true,"href":"http:\/\/argentinamunicipal.com.ar\/argentina\/wp-json\/wp\/v2\/comments?post=51928"}],"version-history":[{"count":0,"href":"http:\/\/argentinamunicipal.com.ar\/argentina\/wp-json\/wp\/v2\/posts\/51928\/revisions"}],"wp:featuredmedia":[{"embeddable":true,"href":"http:\/\/argentinamunicipal.com.ar\/argentina\/wp-json\/wp\/v2\/media\/51929"}],"wp:attachment":[{"href":"http:\/\/argentinamunicipal.com.ar\/argentina\/wp-json\/wp\/v2\/media?parent=51928"}],"wp:term":[{"taxonomy":"category","embeddable":true,"href":"http:\/\/argentinamunicipal.com.ar\/argentina\/wp-json\/wp\/v2\/categories?post=51928"},{"taxonomy":"post_tag","embeddable":true,"href":"http:\/\/argentinamunicipal.com.ar\/argentina\/wp-json\/wp\/v2\/tags?post=51928"}],"curies":[{"name":"wp","href":"https:\/\/api.w.org\/{rel}","templated":true}]}}