{"id":51932,"date":"2016-08-08T07:45:30","date_gmt":"2016-08-08T10:45:30","guid":{"rendered":"http:\/\/argentinamunicipal.com.ar\/argentina\/?p=51932"},"modified":"2016-08-08T07:45:30","modified_gmt":"2016-08-08T10:45:30","slug":"la-intendenta-acelera-objetivo-rosario-logre-una-ciudad-autonoma","status":"publish","type":"post","link":"http:\/\/argentinamunicipal.com.ar\/argentina\/la-intendenta-acelera-objetivo-rosario-logre-una-ciudad-autonoma\/","title":{"rendered":"La intendenta acelera en su objetivo de que Rosario logre ser una ciudad aut\u00f3noma"},"content":{"rendered":"<p>Fein comenz\u00f3 a generar el debate en distintos \u00e1mbitos. Disert\u00f3 junto a especialistas y se reuni\u00f3 con los referentes de los bloques de concejales.<\/p>\n<p>La intendenta M\u00f3nica Fein decidi\u00f3 imprimirle mayor velocidad al debate por la autonom\u00eda municipal y empez\u00f3 a generar debates en diferentes \u00e1mbitos con el claro objetivo de lograr que Rosario tenga m\u00e1s derechos y una mejor representatividad.<\/p>\n<p>Esta semana Fein reuni\u00f3 a los concejales para armar una agenda com\u00fan y m\u00e1s tarde convoc\u00f3 a especialistas y a los ciudadanos a participar de un encuentro en el Teatro La Comedia.<\/p>\n<p>Y en ese orden, tres constitucionalistas disertaron en un foro organizado por el gobierno local en el marco del nuevo aniversario de la declaraci\u00f3n de Rosario como ciudad.<\/p>\n<p>Fein estuvo a cargo de la apertura de la conferencia titulada \u00ab\u00bfPara qu\u00e9 sirve y qu\u00e9 cambios trae la autonom\u00eda municipal?\u00bb, que cont\u00f3 con las disertaciones de N\u00e9stor Pedro Sag\u00fc\u00e9s, reconocido catedr\u00e1tico en derecho constitucional; Antonio Mar\u00eda Hern\u00e1ndez, convencional constituyente durante la reforma nacional de 1994; y Oscar Blando, director provincial de Reforma Pol\u00edtica y Constitucional de Santa Fe, en el marco del renovado impulso que est\u00e1 dando el Ejecutivo local a una materia pendiente para la ciudad desde que fuera sancionada la \u00faltima reforma constitucional.<\/p>\n<p>En ese marco, Fein record\u00f3 que \u00abRosario hace muchos a\u00f1os que viene trabajando por la autonom\u00eda municipal. Esto que estamos haciendo ahora junto a las instituciones que integran el Consejo Econ\u00f3mico y Social es otro puntapi\u00e9 inicial en un debate que no es nuevo\u00bb, destac\u00f3.<\/p>\n<p>En ese sentido, remarc\u00f3 que \u00abdesde la reforma constitucional de 1994, cuando se incorpora la autonom\u00eda a la Carta Magna, varias provincias la fueron incorporando, y la ciudad de Rosario ya lo tuvo en cuenta en el primer Plan Estrat\u00e9gico 98-2008\u00bb.<\/p>\n<p>La intendenta tambi\u00e9n rememor\u00f3 que en 2004 se convoc\u00f3 a un Foro por la Autonom\u00eda \u00abpara debatir e ir construyendo el consenso necesario\u00bb, y que en 2007 se celebr\u00f3 un convenio con la Facultad de Derecho de la UNR para constituir un grupo de trabajo abocado a comenzar el dise\u00f1o de una carta org\u00e1nica para la ciudad aut\u00f3noma.<\/p>\n<p>Luego resalt\u00f3 que el Concejo Municipal tiene en la actualidad una comisi\u00f3n abocada a este tema, y destac\u00f3 que en tiempos en que las ciudades enfrentan problem\u00e1ticas cada vez m\u00e1s diversas y complejas, s\u00f3lo a trav\u00e9s de la autonom\u00eda es posible contar con las herramientas necesarias para \u00ababarcar la complejidad y diversidad de los desaf\u00edos actuales\u00bb.<\/p>\n<p>La jefa comunal exhort\u00f3 a profundizar el camino de debate y acuerdos hacia la autonom\u00eda a fin de \u00abacercar m\u00e1s a los ciudadanos a la toma de decisiones, discutir nuestra organizaci\u00f3n pol\u00edtica, c\u00f3mo queremos construir nuestros \u00f3rganos de control, legislativos, decidir sobre nuestros recursos, para seguir construyendo transparencia como pol\u00edtica de Estado\u00bb.<\/p>\n<p>Con el Concejo. La intendenta tambi\u00e9n mantuvo un encuentro con la presidenta del Concejo Municipal, Daniela Le\u00f3n, y titulares de varios bloques del poder legislativo local, con el objetivo de acordar una agenda de trabajo en la cual sentar las bases m\u00ednimas para alcanzar la autonom\u00eda municipal.<\/p>\n<p>Por lo tanto, una vez consagrada dicha autonom\u00eda implicar\u00e1 que los ciudadanos, eligiendo a los convencionales que los representen, dicten su propia Carta, para decidir su orden institucional, pol\u00edtico, administrativo, econ\u00f3mico y financiero.<\/p>\n<h6>Fuente: La capital Rosario<\/h6>\n","protected":false},"excerpt":{"rendered":"<p>Fein comenz\u00f3 a generar el debate en distintos \u00e1mbitos. Disert\u00f3 junto a especialistas y se reuni\u00f3 con los referentes de los bloques de concejales.<\/p>\n","protected":false},"author":2,"featured_media":51933,"comment_status":"closed","ping_status":"closed","sticky":false,"template":"","format":"standard","meta":{"footnotes":""},"categories":[2],"tags":[10],"class_list":["post-51932","post","type-post","status-publish","format-standard","has-post-thumbnail","hentry","category-informe-municipal","tag-santa-fe"],"_links":{"self":[{"href":"http:\/\/argentinamunicipal.com.ar\/argentina\/wp-json\/wp\/v2\/posts\/51932","targetHints":{"allow":["GET"]}}],"collection":[{"href":"http:\/\/argentinamunicipal.com.ar\/argentina\/wp-json\/wp\/v2\/posts"}],"about":[{"href":"http:\/\/argentinamunicipal.com.ar\/argentina\/wp-json\/wp\/v2\/types\/post"}],"author":[{"embeddable":true,"href":"http:\/\/argentinamunicipal.com.ar\/argentina\/wp-json\/wp\/v2\/users\/2"}],"replies":[{"embeddable":true,"href":"http:\/\/argentinamunicipal.com.ar\/argentina\/wp-json\/wp\/v2\/comments?post=51932"}],"version-history":[{"count":0,"href":"http:\/\/argentinamunicipal.com.ar\/argentina\/wp-json\/wp\/v2\/posts\/51932\/revisions"}],"wp:featuredmedia":[{"embeddable":true,"href":"http:\/\/argentinamunicipal.com.ar\/argentina\/wp-json\/wp\/v2\/media\/51933"}],"wp:attachment":[{"href":"http:\/\/argentinamunicipal.com.ar\/argentina\/wp-json\/wp\/v2\/media?parent=51932"}],"wp:term":[{"taxonomy":"category","embeddable":true,"href":"http:\/\/argentinamunicipal.com.ar\/argentina\/wp-json\/wp\/v2\/categories?post=51932"},{"taxonomy":"post_tag","embeddable":true,"href":"http:\/\/argentinamunicipal.com.ar\/argentina\/wp-json\/wp\/v2\/tags?post=51932"}],"curies":[{"name":"wp","href":"https:\/\/api.w.org\/{rel}","templated":true}]}}