{"id":51939,"date":"2016-08-08T07:51:46","date_gmt":"2016-08-08T10:51:46","guid":{"rendered":"http:\/\/argentinamunicipal.com.ar\/argentina\/?p=51939"},"modified":"2016-08-08T07:51:46","modified_gmt":"2016-08-08T10:51:46","slug":"marcha-ajuste-desempleo","status":"publish","type":"post","link":"http:\/\/argentinamunicipal.com.ar\/argentina\/marcha-ajuste-desempleo\/","title":{"rendered":"Marcha contra el ajuste y el desempleo"},"content":{"rendered":"<p>Organizada por tres organizaciones sociales, miles de trabajadores informales se movilizaron para protestar contra la pol\u00edtica econ\u00f3mica del Gobierno que ha provocado una fuerte ca\u00edda del empleo en ese sector tan vulnerable.<\/p>\n<p>A las ocho de la ma\u00f1ana el ministro de Trabajo, Jorge Triaca, subi\u00f3 a su cuenta el primer tuit del d\u00eda: \u201cHoy es San Cayetano. Que Dios nos acompa\u00f1e cuidando el trabajo de los que lo tienen y abriendo oportunidades para los que lo buscan\u201d. A esa misma hora, a pocas cuadras del santuario de Liniers y sin conocer todav\u00eda el mensaje con que el responsable de la cartera laboral se encomendaba de manera tan poco tranquilizadora al poder celestial, una primera columna de de manifestantes comenzaba su marcha. La movilizaci\u00f3n a la Plaza de Mayo le reclam\u00f3 al gobierno de Mauricio Macri que pare con las pol\u00edticas que destruyen el empleo. Convocada por tres organizaciones sociales que agrupan a los trabajadores de la econom\u00eda popular (la Coordinadora de Trabajadores de la Econom\u00eda Popular, Barrios de Pie y la Corriente Clasista y Combativa), sum\u00f3 a delegaciones de las CTA y de los gremios combativos de la CGT.<\/p>\n<p>La protesta tuvo como objetivo manifestar contra las pol\u00edticas que perjudican al conjunto de los trabajadores; pero fue organizada puntualmente por organizaciones de los trabajadores informales, que surgieron a finales de los \u201890 como piqueteras y hoy agrupan cooperativas sociales, de reciclado, manteros, cartoneros, empresas recuperadas, vendedores ambulantes y desocupados. Esta franja social es hoy la m\u00e1s fuertemente afectada por el combo de recesi\u00f3n, suba de los precios, freno de la obra p\u00fablica, apertura de las importaciones y ca\u00edda de los salarios.<\/p>\n<p>Desde los movimientos lo indican en estos t\u00e9rminos: por cada puesto de trabajo formal que se pierde, se caen tres informales. Hay adem\u00e1s 70 mil cooperativistas que quedaron sin empleo porque depend\u00edan de contratos nacionales, provinciales o municipales. Los comedores populares que se han vuelto a reabrir se llenan y los m\u00e1s peque\u00f1os negocios de barrio cierran porque el tarifazo se combina con la falta de ventas.<\/p>\n<p>Pero, \u00bfqu\u00e9 protesta callejera podr\u00eda sostenerse s\u00f3lo en la queja? La caravana atraves\u00f3 la Capital Federal juntando grupos a lo largo de su recorrido \u2013Flores, Once, Congreso y la 9 de Julio\u2013 y al acercarse a su destino aderez\u00f3 con pimienta el mal trago de este 2016.<\/p>\n<p>Luc\u00eda Ortega \u2013empleada dom\u00e9stica, eventualmente dedicada al cuidado de enfermos, hoy en busca de la changa que sea\u2013 se colg\u00f3 al cuello un cartel hecho en casa y, convertida en mujer sandwich, lleg\u00f3 desde Haedo hasta el centro. \u201cEn el pa\u00eds de fantas\u00eda se trabajaba y se com\u00eda\u201d, escribi\u00f3 sobre el cart\u00f3n que ayer paseaba por la plaza.<\/p>\n<p>\u2013\u00bfLa frase es suya?<\/p>\n<p>\u2013S\u00ed. No me cost\u00f3 nada encontrarla porque es la realidad. Dicen que no pod\u00edamos comprarnos un celular, pero yo lo compr\u00e9, \u00a1de verdad!, \u2013apunt\u00f3 a P\u00e1gina\/12. Y como un peque\u00f1o grupo de curiosos se junt\u00f3 a escuchar lo que planteaba, insisti\u00f3: \u2013Yo com\u00eda&#8230; \u00a1y me iba de cuerpo! \u00a1Y era de verdad!<\/p>\n<p>Luc\u00eda cont\u00f3 que tiene dos hijos metal\u00fargicos, \u201cuno trabajando y el otro suspendido\u201d, y que es paraguaya, pero vive en la Argentina hace m\u00e1s de diez a\u00f1os.<\/p>\n<p>Otros le dedicaron cantitos al presidente. Por ejemplo, la columna del Frente de Desocupados Eva Per\u00f3n, armada con un par de redoblantes le puso nueva letra a Matador.<\/p>\n<p>\u201cHay un gorila suelto en la Rosada \/ se piensa que este pueblo no hace nada\u201d&#8230; cantaron para entrar a la plaza, con su remate: \u201cNosotros militamos con el alma y el coraz\u00f3n \/ che, gorila, esa casa es de Per\u00f3n\u201d.<\/p>\n<p><strong>En la marcha participaron tambi\u00e9n grupos de base de la Pastoral Social de la iglesia.<\/strong><\/p>\n<p>Estela Dolina llev\u00f3 una pancarta con dos caras: una ten\u00eda la imagen del padre Carlos Mugica, y en la otra la del sacerdote Carlos de Dios Murias, un sacerdote franciscano asesinado en La Rioja durante la dictadura. \u201cSomos de una parroquia de Jos\u00e9 Le\u00f3n Su\u00e1rez\u201d, cont\u00f3; \u201csi bien en San Mart\u00edn hay un estado municipal bastante presente (gobierna Gabriel Katopodis del FPV), la crisis se nota. Desde diciembre hay m\u00e1s gente desocupada, m\u00e1s en los comedores y m\u00e1s pedidos de alimentos. Los gastos de la parroquia est\u00e1n sobrecargados porque las tarifas aumentaron. Aparte, en nuestro sector no hay ninguna familia que no haya sido tocada por la desocupaci\u00f3n\u201d.<\/p>\n<p>Tambi\u00e9n hubo apelaciones al mensaje del papa Francisco, que la semana pasada mand\u00f3 una carta a los fieles argentinos por el d\u00eda de San Cayetano en la que expres\u00f3 su preocupaci\u00f3n por los altos \u00edndices de desocupaci\u00f3n.<\/p>\n<p>En el palco montado junto a la pir\u00e1mide de Mayo, los organizadores pusieron una foto de Bergoglio. A la consigna de Paz, Pan y Trabajo \u2013que remit\u00eda a la marcha de la CGT de Ubaldini contra la dictadura\u2013 sumaron el Tierra, Techo y Trabajo de la consigna social papal. Al hablar en acto de cierre, Esteban \u201cel Gringo\u201d Castro, titular de la CTEP, remarc\u00f3 que la movilizaci\u00f3n surgi\u00f3 de una reuni\u00f3n con los Misioneros de Francisco.<\/p>\n<p>&#8211; &#8211; &#8211;<\/p>\n<p>La cooperativa El Alamo pertenece a la Federaci\u00f3n de cartoneros. Trabajan en el reciclado de la basura en la ciudad de Buenos Aires, y atraviesan un conflicto que es espejo de las pol\u00edticas PRO.<\/p>\n<p>A fin de a\u00f1o se termina el contrato de cuatro a\u00f1os para el reciclado de parte de la basura en la ciudad de Buenos Aires. El Gobierno hizo un intento de privatizarlo \u2013con lo que peligrar\u00eda la continuidad de 7 mil trabajadores cooperativos\u2013 pero tras una masiva movilizaci\u00f3n de recicladores, di\u00f3 marcha atr\u00e1s. \u201cAhora estamos discutiendo la continuidad del contrato\u201d, explic\u00f3 Alicia Montoya.<\/p>\n<p>El caso ilustra exactamente c\u00f3mo los trabajadores de la econom\u00eda social inventaron sus trabajos. De andar cartoneando, lograron organizarse para el reciclado. \u201cAs\u00ed los compa\u00f1eros tienen un piso salarial de 6400 pesos que paga el Estado. Toda la log\u00edstica tambi\u00e9n la aporta el estado, que paga el salario del chofer, de dos ayudantes de carga, pone el cami\u00f3n y el combustible. Los centros verdes est\u00e1n tecnificados, cosa que jam\u00e1s podr\u00edamos hacer nosotros por su costo. Es un trabajo con obra social, aportes jubilatorios y ART.\u201d<\/p>\n<p>Montoya agreg\u00f3 un par de datos que completan el panorama. \u201cLas empresas de higiene urbana se llevan 8500 millones, mientras que las cooperativas costamos 600 mil pesos. Los vecinos deber\u00edan saber que, de pasar a manos privadas, se gastar\u00edan 3000 a 4000 millones de pesos m\u00e1s.\u201d Ese monto, dicen los cooperativistas, es el que mueve el inter\u00e9s en la privatizaci\u00f3n.<\/p>\n<p>Ra\u00fal Gim\u00e9nez, de 48 a\u00f1os, di\u00f3 la otra cara de la moneda, la de los cartoneros no organizados en cooperativas. Vive en el complejo de viviendas padre Mugica, de Casta\u00f1ares y la avenida General Paz y march\u00f3 con la Corriente Villera Independiente. \u201cCartonear se puso m\u00e1s dif\u00edcil porque hay m\u00e1s gente saliendo a la calle, gente que no andaba en eso tuvo que salir a hacerlo. Se consigue menos porque somos m\u00e1s, y hay que andar 6 o 7 horas para juntar para comer.\u201d<\/p>\n<p>Internamente, la manifestaci\u00f3n no estuvo libre de tensiones, que se notaron en el momento de los discursos. Sobre el palco armado sobre el acoplado de un cami\u00f3n, de espaldas a la Casa Rosada, hablaron tres oradores, uno por cada una de las fuerzas convocantes. Daniel Men\u00e9ndez por Barrios de Pie, Amancay Ardura por la CCC y Esteban Castro por el CTEP.<\/p>\n<p>La plaza reun\u00eda a sectores que fueron opositores al kirchnerismo \u2013como la CCC\u2013 con otros kirchneristas \u2013como ATE Capital\u2013, o que integraron el FPV pero tras las elecciones se escindieron \u2013como el Movimiento Evita\u2013. Cuando el orador de la Corriente Clasista y Combativa hizo cr\u00edticas al gobierno anterior, un sector de la plaza le respondi\u00f3 con silbidos y abucheos.<\/p>\n<p>Sobre ese fondo, los dirigentes convocaron a construir la unidad y anticiparon su voluntad de ir confluyendo en las protestas que vienen \u2013la marcha de la izquierda el martes, el paro de ATE el 11, la jornada de lucha de las dos CTA y la marcha federal\u2013. Tambi\u00e9n pusieron en este mismo paquete a la unificaci\u00f3n de la CGT, que ayer, al menos en su sector de gremios combativo, estuvo presente en la figura de Sergio Palazzo (La Bancaria).<\/p>\n<h6>Fuente: P\u00e1gina 12<\/h6>\n","protected":false},"excerpt":{"rendered":"<p>Organizada por tres organizaciones sociales, miles de trabajadores informales se movilizaron para protestar contra la pol\u00edtica econ\u00f3mica del Gobierno que ha provocado una fuerte ca\u00edda del empleo en ese sector tan vulnerable.<\/p>\n","protected":false},"author":2,"featured_media":51940,"comment_status":"closed","ping_status":"closed","sticky":false,"template":"","format":"standard","meta":{"footnotes":""},"categories":[8],"tags":[21],"class_list":["post-51939","post","type-post","status-publish","format-standard","has-post-thumbnail","hentry","category-informe-nacional","tag-argentina"],"_links":{"self":[{"href":"http:\/\/argentinamunicipal.com.ar\/argentina\/wp-json\/wp\/v2\/posts\/51939","targetHints":{"allow":["GET"]}}],"collection":[{"href":"http:\/\/argentinamunicipal.com.ar\/argentina\/wp-json\/wp\/v2\/posts"}],"about":[{"href":"http:\/\/argentinamunicipal.com.ar\/argentina\/wp-json\/wp\/v2\/types\/post"}],"author":[{"embeddable":true,"href":"http:\/\/argentinamunicipal.com.ar\/argentina\/wp-json\/wp\/v2\/users\/2"}],"replies":[{"embeddable":true,"href":"http:\/\/argentinamunicipal.com.ar\/argentina\/wp-json\/wp\/v2\/comments?post=51939"}],"version-history":[{"count":0,"href":"http:\/\/argentinamunicipal.com.ar\/argentina\/wp-json\/wp\/v2\/posts\/51939\/revisions"}],"wp:featuredmedia":[{"embeddable":true,"href":"http:\/\/argentinamunicipal.com.ar\/argentina\/wp-json\/wp\/v2\/media\/51940"}],"wp:attachment":[{"href":"http:\/\/argentinamunicipal.com.ar\/argentina\/wp-json\/wp\/v2\/media?parent=51939"}],"wp:term":[{"taxonomy":"category","embeddable":true,"href":"http:\/\/argentinamunicipal.com.ar\/argentina\/wp-json\/wp\/v2\/categories?post=51939"},{"taxonomy":"post_tag","embeddable":true,"href":"http:\/\/argentinamunicipal.com.ar\/argentina\/wp-json\/wp\/v2\/tags?post=51939"}],"curies":[{"name":"wp","href":"https:\/\/api.w.org\/{rel}","templated":true}]}}