{"id":51956,"date":"2016-08-08T08:14:33","date_gmt":"2016-08-08T11:14:33","guid":{"rendered":"http:\/\/argentinamunicipal.com.ar\/argentina\/?p=51956"},"modified":"2016-08-08T08:14:33","modified_gmt":"2016-08-08T11:14:33","slug":"la-politica-medios-macri-pone-serio-riesgo-los-diarios-del-interior","status":"publish","type":"post","link":"http:\/\/argentinamunicipal.com.ar\/argentina\/la-politica-medios-macri-pone-serio-riesgo-los-diarios-del-interior\/","title":{"rendered":"La pol\u00edtica de medios de Macri pone en serio riesgo a los diarios del interior"},"content":{"rendered":"<p>Representantes de cerca de 50 diarios de todo el pa\u00eds, nucleados en la Asociaci\u00f3n Federal de Editores de Diarios de la Rep\u00fablica Argentina (Afera), se reunieron.<\/p>\n<p>El redireccionamiento de los recursos con que se difunden los actos de gobierno ha favorecido la concentraci\u00f3n, incrementando el flujo hacia los grandes medios y como contrapartida coloca a decenas de empresas del interior del pa\u00eds en situaci\u00f3n l\u00edmite. El presente art\u00edculo fue publicado en la edici\u00f3n impresa de La Jornada y es suscripto totalmente por el resto de los medios de la Asociaci\u00f3n, entre ellos, EL DIARIO.<\/p>\n<p>En los \u00faltimos siete meses, m\u00e1s de 2.000 trabajadores de prensa se quedaron sin empleo en la Argentina. La mayor\u00eda pertenec\u00edan a medios de comunicaci\u00f3n del interior, los m\u00e1s afectados por la nueva pol\u00edtica de medios del gobierno del presidente Mauricio Macri, quien escudado en una presunta intenci\u00f3n de reducir gastos, redireccionando la pauta oficial a los grandes medios de alcance nacional, entre ellos los poderosos diarios Clar\u00edn y La Naci\u00f3n, y las emisoras televisivas Canal 13 y Telefe.<\/p>\n<p>El panorama para los diarios del interior es m\u00e1s que oscuro y no son pocos los que anticipan cierres masivos. No s\u00f3lo causados por esta decisi\u00f3n de Macri y su equipo de repartir el dinero de la pauta publicitaria entre medios centrales y de \u201cfuego amigo\u201d, sino por el desolador estado de la econom\u00eda, con pautas privadas en franca ca\u00edda y ventas de ejemplares en marcado retroceso. Adem\u00e1s de las dif\u00edciles situaciones de los gobiernos provinciales y municipales, que tambi\u00e9n han reducido dr\u00e1sticamente sus pautas oficiales.<\/p>\n<p>\u201cVan a cerrar la mitad de los diarios\u201d, le advirti\u00f3 hace poco un empresario period\u00edstico al secretario de Comunicaci\u00f3n P\u00fablica y encargado de la distribuci\u00f3n de la pauta oficial, Jorge Grecco, seg\u00fan public\u00f3 el propio diario La Naci\u00f3n, que hizo un extenso informe en el que justific\u00f3 la estrategia de Cambiemos de redireccionar la pauta publicitaria.<\/p>\n<p>El argumento del Gobierno, que es el mismo de los grandes medios nacionales que se est\u00e1n beneficiando con este cambio de reglas, es confundir a la sociedad calificando a la pauta publicitaria oficial, que deber\u00eda ser equitativa y democr\u00e1tica, como \u201cla pauta K\u201d.<\/p>\n<p>M\u00e1s all\u00e1 de las discrecionalidades que haya cometido el kirchnerismo en el reparto de la publicidad oficial, que deben ser denunciadas, investigadas y juzgadas en el caso que se haya cometido alg\u00fan delito contra el Estado, no se puede intentar corregir un error con otro error m\u00e1s grave.<\/p>\n<p>El acceso a la publicidad oficial por parte de los medios de comunicaci\u00f3n es un derecho y, a la vez, un eslab\u00f3n de la cadena que conforma el derecho al acceso a la informaci\u00f3n p\u00fablica que tienen todos los ciudadanos.<\/p>\n<p>Consecuencias. La estrategia de medios que impulsa Macri empezar\u00e1 a cobrarse v\u00edctimas. El caso m\u00e1s sonado en el interior es el diario La Ma\u00f1ana de C\u00f3rdoba, que tras casi veinte a\u00f1os de editarse en la provincia mediterr\u00e1nea debi\u00f3 cerrar sus puertas hace pocos meses, agobiado por una situaci\u00f3n financiera que se agrav\u00f3 de manera terminal por el corte de la publicidad oficial.<\/p>\n<p>El diario hab\u00eda sido fundado en 1997 por un \u00edcono del periodismo, Julio Ramos, creador de \u00c1mbito Financiero y el primer periodista y empresario de medios que se anim\u00f3 a desafiar al monopolio Clar\u00edn. Lo que se dice, una paradoja del destino.<\/p>\n<p>Pero no hay que ir tan lejos para percibir el da\u00f1o que se le est\u00e1 haciendo a los medios gr\u00e1ficos del interior: los siete diarios que se imprimen en Chubut \u2013entre ellos La Jornada\u2013, vienen teniendo graves dificultades para poder abonar los salarios y los aguinaldos de sus empleados. Y en Comodoro Rivadavia, por ejemplo, la situaci\u00f3n de Canal 9 es poco menos que dram\u00e1tica, con empleados que fueron despedidos y vueltos a tomar, pero que no saben qu\u00e9 les deparar\u00e1 el destino.<\/p>\n<p>Otros medios importantes del interior, como el diario La Nueva Provincia de Bah\u00eda Blanca, decidi\u00f3 empezar a salir menos d\u00edas a la semana para ahorrar costos y adecuarse a la cada vez m\u00e1s marcada tendencia de consumo de medios a trav\u00e9s de Internet.<\/p>\n<p>Seg\u00fan estudios realizados, puede establecerse que, en promedio, los diarios del interior guardan una relaci\u00f3n de lectores por ejemplar equivalente a una vez y media m\u00e1s que la que existe en la Ciudad Aut\u00f3noma de Buenos Aires.<\/p>\n<p>No deben quedar dudas de que el periodismo regional cumple un rol fundamental en el crecimiento de las distintas comunidades del interior porque son los que expresan permanentemente sus aspiraciones y los que reflejan a diario la problem\u00e1tica local.<\/p>\n<p>Sin medios locales \u2013o con cada vez menos\u2013 las posibilidades de reflejar lo que ocurre en cada comunidad o regi\u00f3n se reducen. Aunque muchos se acostumbraron, no est\u00e1 bien que los lectores, oyentes o televidentes se enteren antes de un choque en la Avenida 9 de Julio de Buenos Aires que de un accidente en una ruta o calle de su pueblo o ciudad. Es s\u00f3lo un ejemplo pero ocurre todos los d\u00edas.<br \/>\nBienes culturales<\/p>\n<p>Hace pocos meses, los representantes de la Asociaci\u00f3n Federal de Editores de Diarios de la Rep\u00fablica Argentina (Afera) y de la Asociaci\u00f3n de Diarios del Interior (Adira), las dos entidades que agrupan a la mayor\u00eda de los diarios del interior, expresaron su preocupaci\u00f3n en el Senado de la Naci\u00f3n, planteando la necesidad de sancionar una nueva Ley de Bienes Culturales que contribuya a paliar la crisis del sector.<\/p>\n<p>La reuni\u00f3n con el plenario de las comisiones de Sistemas, Medios de Comunicaci\u00f3n y Libertad de Expresi\u00f3n y de Derechos y Garant\u00edas del Senado, abund\u00f3 en datos que explican la crisis: el costo laboral representa hoy entre el 55 y 62% del presupuesto de un diario. Mientras que los costos del papel y la tinta, que hace una d\u00e9cada equival\u00edan al 15% del costo, hoy treparon a un 30%.<\/p>\n<p>Tanto Afera como Adira, dos entidades con visiones distintas pero que en esta ocasi\u00f3n se unieron en un reclamo com\u00fan, expresaron la necesidad de entender que los medios de comunicaci\u00f3n son empresas privadas de inter\u00e9s p\u00fablico. Aquellos que intentan reducir la grave situaci\u00f3n del sector a un problema de empresarios privados, se olvidan de los miles de trabajadores que dependen de estas empresas, entre periodistas, fot\u00f3grafos, armadores, vendedores de publicidad, operarios de taller y administrativos, entre muchos otros.<\/p>\n<p>Que el Gobierno nacional haya decidido cortarle la pauta a todos los medios del interior para d\u00e1rsela a un grupo de grandes medios nacionales, la mayor\u00eda cercanos ideol\u00f3gicamente a la actual gesti\u00f3n de Cambiemos, es un grave ataque a la libertad de expresi\u00f3n. Si esta situaci\u00f3n no se revierte, no s\u00f3lo se van a fundir cientos de empresarios de medios: se van a seguir quedando sin empleo miles de trabajadores.<\/p>\n<h6>Fuente: El Diario Entre R\u00edos<\/h6>\n","protected":false},"excerpt":{"rendered":"<p>Representantes de cerca de 50 diarios de todo el pa\u00eds, nucleados en la Asociaci\u00f3n Federal de Editores de Diarios de la Rep\u00fablica Argentina (Afera), se reunieron.<\/p>\n","protected":false},"author":2,"featured_media":51957,"comment_status":"closed","ping_status":"closed","sticky":false,"template":"","format":"standard","meta":{"footnotes":""},"categories":[8],"tags":[21],"class_list":["post-51956","post","type-post","status-publish","format-standard","has-post-thumbnail","hentry","category-informe-nacional","tag-argentina"],"_links":{"self":[{"href":"http:\/\/argentinamunicipal.com.ar\/argentina\/wp-json\/wp\/v2\/posts\/51956","targetHints":{"allow":["GET"]}}],"collection":[{"href":"http:\/\/argentinamunicipal.com.ar\/argentina\/wp-json\/wp\/v2\/posts"}],"about":[{"href":"http:\/\/argentinamunicipal.com.ar\/argentina\/wp-json\/wp\/v2\/types\/post"}],"author":[{"embeddable":true,"href":"http:\/\/argentinamunicipal.com.ar\/argentina\/wp-json\/wp\/v2\/users\/2"}],"replies":[{"embeddable":true,"href":"http:\/\/argentinamunicipal.com.ar\/argentina\/wp-json\/wp\/v2\/comments?post=51956"}],"version-history":[{"count":0,"href":"http:\/\/argentinamunicipal.com.ar\/argentina\/wp-json\/wp\/v2\/posts\/51956\/revisions"}],"wp:featuredmedia":[{"embeddable":true,"href":"http:\/\/argentinamunicipal.com.ar\/argentina\/wp-json\/wp\/v2\/media\/51957"}],"wp:attachment":[{"href":"http:\/\/argentinamunicipal.com.ar\/argentina\/wp-json\/wp\/v2\/media?parent=51956"}],"wp:term":[{"taxonomy":"category","embeddable":true,"href":"http:\/\/argentinamunicipal.com.ar\/argentina\/wp-json\/wp\/v2\/categories?post=51956"},{"taxonomy":"post_tag","embeddable":true,"href":"http:\/\/argentinamunicipal.com.ar\/argentina\/wp-json\/wp\/v2\/tags?post=51956"}],"curies":[{"name":"wp","href":"https:\/\/api.w.org\/{rel}","templated":true}]}}