{"id":51959,"date":"2016-08-08T05:15:01","date_gmt":"2016-08-08T08:15:01","guid":{"rendered":"http:\/\/argentinamunicipal.com.ar\/argentina\/?p=51959"},"modified":"2016-08-08T08:16:58","modified_gmt":"2016-08-08T11:16:58","slug":"tamberos-pais-piden-la-declaracion-emergencia","status":"publish","type":"post","link":"http:\/\/argentinamunicipal.com.ar\/argentina\/tamberos-pais-piden-la-declaracion-emergencia\/","title":{"rendered":"Tamberos de todo el pa\u00eds piden la declaraci\u00f3n de emergencia"},"content":{"rendered":"<p>Representantes de siete provincias, incluida Santa Fe, elaboraron un documento que presentar\u00e1n hoy a Naci\u00f3n en el que piden adem\u00e1s la creaci\u00f3n por ley de un instituto nacional para el desarrollo de la lecher\u00eda<\/p>\n<p>Durante el fin de semana, convocados por la Confederaci\u00f3n Argentina de la Mediana Empresa, representantes de la lecher\u00eda de siete provincias se reunieron en San Miguel de Tucum\u00e1n para debatir acciones frente al dif\u00edcil momento que vivencian los tamberos. Con la presencia de productores de Santa Fe, Jujuy, Salta, Tucum\u00e1n, Catamarca, Santiago del Estero y C\u00f3rdoba, se consensu\u00f3 un documento en el que se proponen medidas para salir de la actual situaci\u00f3n, y se pide tambi\u00e9n en lo coyuntural, para frenar el cierre de tambos, que en lo inmediato se declare la emergencia para la lecher\u00eda.<br \/>\nEn tanto, como acci\u00f3n a mediano y largo plazo, pensando en un desarrollo sustentable y regulado de la actividad, el petitorio, que seg\u00fan indicaron ser\u00e1 entregado hoy al gobierno nacional, solicita adem\u00e1s que el Congreso discuta y apruebe una ley para la creaci\u00f3n de un instituto nacional para el desarrollo de la lecher\u00eda, donde est\u00e9n representados en forma directa y proporcional productores e industriales y el gobierno a trav\u00e9s de sus representantes.<\/p>\n<p>Las funciones de dicho organismo ser\u00edan la definici\u00f3n y ejecuci\u00f3n de pol\u00edticas de desarrollo de lecher\u00edas que contemplen el bien com\u00fan de todos sus integrantes; la conformaci\u00f3n de herramientas para minimizar las crisis recurrentes desarrollando una lecher\u00eda que asegure el abastecimiento a un mercado interno y al crecimiento de las exportaciones; generar estudios especializados que contribuyan a la transparencia de la cadena l\u00e1ctea; y crear y desarrollar una pol\u00edtica lechera que genere productividad a partir de la innovaci\u00f3n tecnol\u00f3gica en toda la cadena.<br \/>\nEn di\u00e1logo con Diario UNO, Domingo Colombres, presidente de la Mesa de Lecher\u00eda de Tucum\u00e1n sostuvo que durante el encuentro del fin de semana, lo primero que se busc\u00f3 fue generar l\u00edneas comunes entre los productores, \u00abporque hay realidades lecheras muy distintas en cada provincia\u00bb.<br \/>\n\u00abEse era el primer objetivo, que se logr\u00f3 y por suerte pudimos, lo segundo fue decidir a empezar a golpear puertas en instituciones lecheras del pa\u00eds, en industrias, y a todo aquel que quiera aportar algo. Creemos que es una idea superadora\u00bb, confi\u00f3 en referencia a la propuesta de creaci\u00f3n del instituto para el desarrollo de la lecher\u00eda.<br \/>\nEn esa l\u00ednea, manifest\u00f3 que son muchos los problemas a resolver, pero que hay dos que se deben atacar de inmediato: la inviabilidad de la lecher\u00eda estructuralmente ante un mercado externo con la volatilidad de precios internacionales; y la participaci\u00f3n \u00abinequitativa\u00bb de la renta entre gobierno, comercio, industria y productores.<br \/>\nConsultado sobre el gobierno nacional respecto de la actividad, dijo que se esperaba \u00abun poco m\u00e1s de acci\u00f3n y de medidas\u00bb, y que hay una par\u00e1lisis estatal. \u00abEl gobierno forma parte de un sector al que nosotros le pedimos un liderazgo que le est\u00e1 costando, pero si tuviese que definir una sensaci\u00f3n, los productores lecheros, y las empresas lecheras peque\u00f1as en general, es como que nos sentimos parte de un equipo de idiotas \u00fatiles, a los que les viene haciendo creer que trabajamos para que gane un pa\u00eds, pero que es la misma historia de toda la vida, trabajamos para que ganen solo unos cuantos\u00bb, expres\u00f3.<br \/>\nEn el contexto imperante, el documento consensuado por los representantes de la lecher\u00eda reconoce que las instituciones y asociaciones del sector est\u00e1n atomizadas y dispersas, y por lo general marcando lo que se debe hacer y qui\u00e9n lo tiene que hacer, pero sin involucrarse en las acciones tendientes a solucionar los problemas.<br \/>\n\u00abSomos tantos los jugadores involucrados que el Estado debe jugar un rol preponderante al apoyar esta iniciativa, debiendo ayudar a empoderar a los productores, a institucionalizar este problema y a buscar consensos en la cadena l\u00e1ctea\u00bb, insta el escrito.<br \/>\n\u00abHay alguna mejora en el mercado internacional, y creemos que el momento de la lecher\u00eda es este, y hay que empezar a mirar al futuro como una oportunidad y no volver a caer en estos problemas c\u00edclicos. Entonces vamos a presentar este documento donde haga falta, a entidades lecheras, a la Subsecretar\u00eda de Lecher\u00eda de Naci\u00f3n, y a legisladores nacionales\u00bb, concluy\u00f3.<br \/>\nEn tanto, Marcelo Aimaro, presidente de la Mesa Provincial de Lecher\u00eda de Santa Fe sostuvo que si bien no estuvo presente en Tucum\u00e1n, lo resuelto est\u00e1 en l\u00ednea con lo que se reclam\u00f3 la semana pasada en Rafaela, cuando los tamberos de la provincia a modo de protesta regalaron 2.000 litros de leche.<br \/>\n\u00abLo que le pedimos al gobierno nacional es que ordene la cadena con una presencia activa en la actividad. La leche es perecedera y no se puede tratar de la misma forma que al cereal o la ganader\u00eda. Todos los d\u00edas hay que orde\u00f1ar la leche y entregarla, y el resto de los sectores son dominantes y nosotros no somos formadores de ning\u00fan tipo de precios\u00bb, enfatiz\u00f3.<br \/>\nEn esa direcci\u00f3n, resalt\u00f3 que la protesta de Rafaela \u00abfue contundente\u00bb, y logr\u00f3 poner el tema en agenda, pero que sin embargo eso no parece haber modificado la visi\u00f3n del Ejecutivo sobre las necesidades del tambo.<br \/>\n\u00abNos han llamado de todos lados, pero no del gobierno nacional. Inclusive, seg\u00fan lo que dijo Sanmartino (subsecretario de Lecher\u00eda de Naci\u00f3n), est\u00e1n planteando todo contrapuesto a lo que nosotros pedimos y creemos que necesitamos. \u00c9l dice que es muy dif\u00edcil regular la cadena, y que si tenemos la soluci\u00f3n se la llevemos, y ya se la hemos llevado, y \u00e9l es el subsecretario, no nosotros. Entonces creemos que de esta manera, si no quieren sentar a todos los sectores en una misma mesa no lo vamos a poder solucionar\u00bb, indic\u00f3.<br \/>\nAimaro, confi\u00f3 adem\u00e1s que desde la Mesa Provincial de Lecher\u00eda, en conjunto con las entidades participantes se est\u00e1 evaluando que si no aparecen las respuestas de parte del gobierno central, la pr\u00f3xima medida \u00abser\u00e1 regalar leche delante del Ministerio de Agroindustria\u00bb.<br \/>\n\u00abEvaluamos la posibilidad en la pr\u00f3xima movilizaci\u00f3n hacerla en Buenos Aires, donde tambi\u00e9n vamos a regalar leche frente al ministerio. No tenemos la fecha, porque nos damos un plazo para ver si el gobierno nacional toma alg\u00fan tipo de medida para solucionar este problema. Vamos a dar un tiempo prudencial, pero no es que la paciencia se agota, sino que los productores vamos a tener que irnos a otra actividad, y en septiembre se define la pr\u00f3xima campa\u00f1a agr\u00edcola\u00bb, advirti\u00f3.<\/p>\n<p><strong>Documento<\/strong><br \/>\nEn lo coyuntural se pide declarar la emergencia del sector l\u00e1cteo y analizar la posibilidad de que los gobiernos nacionales, provinciales y municipales reintegren a la cadena parte de los impuestos y tasas que actualmente perciben.<br \/>\nTambi\u00e9n mantener la reducci\u00f3n de los impuestos como IVA y ganancias y considerar a la producci\u00f3n primaria como sujeto de cr\u00e9dito a tasas competitivas.<br \/>\nEn lo estructural se pretende crear el Instituto Nacional para el Desarrollo de la Lecher\u00eda que otorgue transparencia a la cadena l\u00e1ctea; formar las herramientas para minimizar las crisis recurrentes; y crear y desarrollar una pol\u00edtica lechera que genere productividad e innovaci\u00f3n tecnol\u00f3gica.<\/p>\n<h6>Fuente: Uno Santa Fe<\/h6>\n","protected":false},"excerpt":{"rendered":"<p>Representantes de siete provincias, incluida Santa Fe, elaboraron un documento que presentar\u00e1n hoy a Naci\u00f3n en el que piden adem\u00e1s la creaci\u00f3n por ley de un instituto nacional para el desarrollo de la lecher\u00eda<\/p>\n","protected":false},"author":2,"featured_media":51960,"comment_status":"closed","ping_status":"closed","sticky":false,"template":"","format":"standard","meta":{"footnotes":""},"categories":[8],"tags":[21],"class_list":["post-51959","post","type-post","status-publish","format-standard","has-post-thumbnail","hentry","category-informe-nacional","tag-argentina"],"_links":{"self":[{"href":"http:\/\/argentinamunicipal.com.ar\/argentina\/wp-json\/wp\/v2\/posts\/51959","targetHints":{"allow":["GET"]}}],"collection":[{"href":"http:\/\/argentinamunicipal.com.ar\/argentina\/wp-json\/wp\/v2\/posts"}],"about":[{"href":"http:\/\/argentinamunicipal.com.ar\/argentina\/wp-json\/wp\/v2\/types\/post"}],"author":[{"embeddable":true,"href":"http:\/\/argentinamunicipal.com.ar\/argentina\/wp-json\/wp\/v2\/users\/2"}],"replies":[{"embeddable":true,"href":"http:\/\/argentinamunicipal.com.ar\/argentina\/wp-json\/wp\/v2\/comments?post=51959"}],"version-history":[{"count":0,"href":"http:\/\/argentinamunicipal.com.ar\/argentina\/wp-json\/wp\/v2\/posts\/51959\/revisions"}],"wp:featuredmedia":[{"embeddable":true,"href":"http:\/\/argentinamunicipal.com.ar\/argentina\/wp-json\/wp\/v2\/media\/51960"}],"wp:attachment":[{"href":"http:\/\/argentinamunicipal.com.ar\/argentina\/wp-json\/wp\/v2\/media?parent=51959"}],"wp:term":[{"taxonomy":"category","embeddable":true,"href":"http:\/\/argentinamunicipal.com.ar\/argentina\/wp-json\/wp\/v2\/categories?post=51959"},{"taxonomy":"post_tag","embeddable":true,"href":"http:\/\/argentinamunicipal.com.ar\/argentina\/wp-json\/wp\/v2\/tags?post=51959"}],"curies":[{"name":"wp","href":"https:\/\/api.w.org\/{rel}","templated":true}]}}