{"id":51977,"date":"2016-08-08T05:39:29","date_gmt":"2016-08-08T08:39:29","guid":{"rendered":"http:\/\/argentinamunicipal.com.ar\/argentina\/?p=51977"},"modified":"2016-08-08T08:41:24","modified_gmt":"2016-08-08T11:41:24","slug":"habra-servicios-proteccion-derechos-cinco-municipios-catamarquenos","status":"publish","type":"post","link":"http:\/\/argentinamunicipal.com.ar\/argentina\/habra-servicios-proteccion-derechos-cinco-municipios-catamarquenos\/","title":{"rendered":"Habr\u00e1 servicios de Protecci\u00f3n de Derechos en cinco municipios catamarque\u00f1os"},"content":{"rendered":"<p>Servir\u00e1n para descentralizar las acciones que contribuyan a garantizar la protecci\u00f3n de la Ni\u00f1ez.<\/p>\n<p>Con el objetivo de fortalecer la construcci\u00f3n del Sistema Provincial de Protecci\u00f3n de Derechos de Ni\u00f1os, Ni\u00f1as y Adolescentes, el ministerio de Desarrollo Social est\u00e1 impulsando la puesta en marcha de un Servicio Local de Promoci\u00f3n y Protecci\u00f3n de Derechos en cinco municipios del interior.<\/p>\n<p>La intenci\u00f3n es facilitar el acceso del ni\u00f1o a programas, planes o servicios cuando sus derechos est\u00e1n amenazados o vulnerados, como as\u00ed tambi\u00e9n buscar la alternativa que evite su separaci\u00f3n de la familia o de las personas encargadas de su cuidado personal.<\/p>\n<p>En ese marco, d\u00edas atr\u00e1s la cartera social rubric\u00f3 un convenio de cooperaci\u00f3n con la Municipalidad de Bel\u00e9n y har\u00e1 lo propio en los pr\u00f3ximos d\u00edas con las comunas de Santa Mar\u00eda, Andalgal\u00e1, Tinogasta y Recreo.<\/p>\n<p>La r\u00fabrica se concret\u00f3 entre el ministro Daniel Barros, la subsecretaria de Familia Marina Losso y el jefe comunal belicho, Daniel R\u00edos.<\/p>\n<p>Seg\u00fan refiri\u00f3 Barros, a partir de la creaci\u00f3n de estas estructuras administrativas de instancia municipal, se podr\u00e1 descentralizar los recursos y ejecuci\u00f3n de las acciones, logrando as\u00ed garantizar \u00abuna mayor autonom\u00eda, agilidad y eficacia en la resoluci\u00f3n de las diferentes situaciones donde los derechos de ni\u00f1as, ni\u00f1os y adolescentes hayan sido vulnerados\u201d.<\/p>\n<p>De hecho, los cinco municipios seleccionados estrat\u00e9gicamente corresponden a las circunscripciones judiciales con asiento en cabeceras departamentales y de donde se recepta la mayor demanda.<\/p>\n<p>El acuerdo de trabajo estipula que los municipios aportar\u00e1n el recurso humano y el espacio f\u00edsico para el funcionamiento del Servicio Local, mientras que la cartera social, a trav\u00e9s de la subsecretar\u00eda de Familia, asume la obligaci\u00f3n de promover instancias de asistencia t\u00e9cnica y de capacitaci\u00f3n destinadas a la formaci\u00f3n de los recursos humanos para optimizar el desempe\u00f1o laboral en base a las normativas de protecci\u00f3n y promoci\u00f3n de derechos de las ni\u00f1as, ni\u00f1os y adolescentes, como as\u00ed tambi\u00e9n el equipamiento necesario para su funcionamiento.<\/p>\n<h6>Fuente: El Esquiu<\/h6>\n","protected":false},"excerpt":{"rendered":"<p>Servir\u00e1n para descentralizar las acciones que contribuyan a garantizar la protecci\u00f3n de la Ni\u00f1ez.<\/p>\n","protected":false},"author":2,"featured_media":51978,"comment_status":"closed","ping_status":"closed","sticky":false,"template":"","format":"standard","meta":{"footnotes":""},"categories":[2],"tags":[16],"class_list":["post-51977","post","type-post","status-publish","format-standard","has-post-thumbnail","hentry","category-informe-municipal","tag-catamarca"],"_links":{"self":[{"href":"http:\/\/argentinamunicipal.com.ar\/argentina\/wp-json\/wp\/v2\/posts\/51977","targetHints":{"allow":["GET"]}}],"collection":[{"href":"http:\/\/argentinamunicipal.com.ar\/argentina\/wp-json\/wp\/v2\/posts"}],"about":[{"href":"http:\/\/argentinamunicipal.com.ar\/argentina\/wp-json\/wp\/v2\/types\/post"}],"author":[{"embeddable":true,"href":"http:\/\/argentinamunicipal.com.ar\/argentina\/wp-json\/wp\/v2\/users\/2"}],"replies":[{"embeddable":true,"href":"http:\/\/argentinamunicipal.com.ar\/argentina\/wp-json\/wp\/v2\/comments?post=51977"}],"version-history":[{"count":0,"href":"http:\/\/argentinamunicipal.com.ar\/argentina\/wp-json\/wp\/v2\/posts\/51977\/revisions"}],"wp:featuredmedia":[{"embeddable":true,"href":"http:\/\/argentinamunicipal.com.ar\/argentina\/wp-json\/wp\/v2\/media\/51978"}],"wp:attachment":[{"href":"http:\/\/argentinamunicipal.com.ar\/argentina\/wp-json\/wp\/v2\/media?parent=51977"}],"wp:term":[{"taxonomy":"category","embeddable":true,"href":"http:\/\/argentinamunicipal.com.ar\/argentina\/wp-json\/wp\/v2\/categories?post=51977"},{"taxonomy":"post_tag","embeddable":true,"href":"http:\/\/argentinamunicipal.com.ar\/argentina\/wp-json\/wp\/v2\/tags?post=51977"}],"curies":[{"name":"wp","href":"https:\/\/api.w.org\/{rel}","templated":true}]}}