{"id":51983,"date":"2016-08-08T05:00:47","date_gmt":"2016-08-08T08:00:47","guid":{"rendered":"http:\/\/argentinamunicipal.com.ar\/argentina\/?p=51983"},"modified":"2016-08-08T08:48:54","modified_gmt":"2016-08-08T11:48:54","slug":"paren-fumigarnos-realizo-20a-asamblea-rafaela","status":"publish","type":"post","link":"http:\/\/argentinamunicipal.com.ar\/argentina\/paren-fumigarnos-realizo-20a-asamblea-rafaela\/","title":{"rendered":"Paren de Fumigarnos realiz\u00f3 su 20\u00aa asamblea en\u00a0Rafaela"},"content":{"rendered":"<p>La ciudad de Rafaela fue ayer el epicentro de un evento que convoca a buena parte de las instituciones vinculadas a la protecci\u00f3n ecol\u00f3gica: la asamblea del colectivo \u00abParen de Fumigarnos\u00bb. Esta organizaci\u00f3n est\u00e1 compuesta por una serie de ONG preocupadas por la salud de la provincia de Santa Fe, principalmente, vinculadas al uso de agroqu\u00edmicos a la hora de producir en el campo, en cercan\u00edas de lugares habitados (viviendas, escuelas, fuentes de agua, etc).<br \/>\nEsta fue la edici\u00f3n n\u00famero 20 del encuentro de las diferentes entidades. Fueron m\u00e1s de 20 las entidades participantes, con m\u00e1s de 40 delegados (de localidades como Rosario, Santa Fe, San Lorenzo, Hersilia, Mar\u00eda Juana, San Guillermo, Suardi, San Justo, G\u00e1lvez, D\u00edaz, Arroyo Leyes, Villa Constituci\u00f3n y Esperanza) que se congregaron en el Club Estudiantes de nuestra ciudad, frente a la plaza 9 de Julio para analizar la actualidad ambientalista y manifestar la preocupaci\u00f3n no s\u00f3lo por el constante uso de qu\u00edmicos. Recordemos que en la actualidad, el Senado de la provincia debe debatir el proyecto de ley de la diputada Bertero que achica la distancia para la fumigaci\u00f3n, mientras que \u00abParen de Fumigarnos\u00bb sostiene que debe respetarse la distancia dispuesta por la Justicia en el \u00abfallo San Jorge\u00bb de 800 metros. Asimismo, hace algunas semanas, volvieron a presentar en la Legislatura el proyecto de ley para el \u00abFomento de la Producci\u00f3n Agroecol\u00f3gica\u00bb. En nuestra ciudad, el pasado jueves, Nueva Ecolog\u00eda de la Tierra (entidad que tambi\u00e9n particip\u00f3 ayer) reclam\u00f3 por el tratamiento de la modificaci\u00f3n del l\u00edmite agron\u00f3mico en nuestra ciudad. Ayer, los ambientalistas marcaron la falta de compromiso del sector pol\u00edtico en esta materia. Ayer estuvo presente el concejal Germ\u00e1n Bottero y Mar\u00eda Paz Caruso. Tambi\u00e9n envi\u00f3 una notificaci\u00f3n el senador Alcides Calvo, con quien desde Paren de Fumigar quieren mantener un encuentro para poder manifestarle su pensamiento con respecto a la situaci\u00f3n.<br \/>\nEn las pr\u00f3ximas horas, desde Paren de Fumigar, emitir\u00e1n un comunicado con las conclusiones de la jornada de ayer.<br \/>\nEntre otras cuestiones, se inform\u00f3 que el 13 y 14 del pr\u00f3ximo mes se realizar\u00e1 el 7\u00b0 plenario de la provincia de Buenos Aires, en Trenque Lauquen. Y dos semanas despu\u00e9s, habr\u00e1 una conmemoraci\u00f3n especial por el 10\u00b0 aniversario del Colectivo \u00abParen de Fumigarnos\u00bb.<br \/>\nAsimismo, mostraron especial inter\u00e9s por lo que ser\u00e1 la resoluci\u00f3n del primer juicio penal por homicidio por fumigaci\u00f3n en Goya, Corrientes, que se dar\u00e1 en noviembre pr\u00f3ximo. El fallo podr\u00eda marcar un antes y un despu\u00e9s en la Justicia argentina sobre este tema.<br \/>\nLA OPINION dialog\u00f3 ayer con el Presidente de \u00abAmigos de la Vida\u00bb, Pablo Williner, quien se mostr\u00f3 sumamente satisfecho por lo ocurrido en la jornada de ayer. \u00abSomos conscientes de que hay que darle de comer a todos y buscar sembrar hasta el \u00faltimo lugar. Pero cuidando a la gente\u00bb, sentenci\u00f3, al mismo tiempo que destac\u00f3 que en localidades como Mar\u00eda Juana, G\u00e1lvez, Hersilia y Ceres ya est\u00e1n trabajando para poder llegar a los 800 metros sin fumigaci\u00f3n y potenciando la producci\u00f3n agroecol\u00f3gica.<\/p>\n<h6>Fuente: La Opini\u00f3n<\/h6>\n","protected":false},"excerpt":{"rendered":"<p>La ciudad de Rafaela fue ayer el epicentro de un evento que convoca a buena parte de las instituciones vinculadas a la protecci\u00f3n ecol\u00f3gica: la asamblea del colectivo \u00abParen de Fumigarnos\u00bb.<\/p>\n","protected":false},"author":2,"featured_media":51984,"comment_status":"closed","ping_status":"closed","sticky":false,"template":"","format":"standard","meta":{"footnotes":""},"categories":[2],"tags":[10],"class_list":["post-51983","post","type-post","status-publish","format-standard","has-post-thumbnail","hentry","category-informe-municipal","tag-santa-fe"],"_links":{"self":[{"href":"http:\/\/argentinamunicipal.com.ar\/argentina\/wp-json\/wp\/v2\/posts\/51983","targetHints":{"allow":["GET"]}}],"collection":[{"href":"http:\/\/argentinamunicipal.com.ar\/argentina\/wp-json\/wp\/v2\/posts"}],"about":[{"href":"http:\/\/argentinamunicipal.com.ar\/argentina\/wp-json\/wp\/v2\/types\/post"}],"author":[{"embeddable":true,"href":"http:\/\/argentinamunicipal.com.ar\/argentina\/wp-json\/wp\/v2\/users\/2"}],"replies":[{"embeddable":true,"href":"http:\/\/argentinamunicipal.com.ar\/argentina\/wp-json\/wp\/v2\/comments?post=51983"}],"version-history":[{"count":0,"href":"http:\/\/argentinamunicipal.com.ar\/argentina\/wp-json\/wp\/v2\/posts\/51983\/revisions"}],"wp:featuredmedia":[{"embeddable":true,"href":"http:\/\/argentinamunicipal.com.ar\/argentina\/wp-json\/wp\/v2\/media\/51984"}],"wp:attachment":[{"href":"http:\/\/argentinamunicipal.com.ar\/argentina\/wp-json\/wp\/v2\/media?parent=51983"}],"wp:term":[{"taxonomy":"category","embeddable":true,"href":"http:\/\/argentinamunicipal.com.ar\/argentina\/wp-json\/wp\/v2\/categories?post=51983"},{"taxonomy":"post_tag","embeddable":true,"href":"http:\/\/argentinamunicipal.com.ar\/argentina\/wp-json\/wp\/v2\/tags?post=51983"}],"curies":[{"name":"wp","href":"https:\/\/api.w.org\/{rel}","templated":true}]}}