{"id":51989,"date":"2016-08-08T04:52:16","date_gmt":"2016-08-08T07:52:16","guid":{"rendered":"http:\/\/argentinamunicipal.com.ar\/argentina\/?p=51989"},"modified":"2016-08-08T08:54:26","modified_gmt":"2016-08-08T11:54:26","slug":"concejo-municipal-rosario-aprobo-plan-revitalizacion-los-centros-comerciales-barriales","status":"publish","type":"post","link":"http:\/\/argentinamunicipal.com.ar\/argentina\/concejo-municipal-rosario-aprobo-plan-revitalizacion-los-centros-comerciales-barriales\/","title":{"rendered":"El Concejo Municipal de Rosario aprob\u00f3 un plan de revitalizaci\u00f3n de los centros comerciales barriales"},"content":{"rendered":"<p>El proyecto tuvo luz verde ayer y prev\u00e9 la reforma de estos vitales espacios ciudadanos, con obras que le otorguen identidad propia y sustentabilidad<\/p>\n<p>Los centros comerciales a cielo abierto tendr\u00e1n ahora un fuerte impulso. El Concejo aprob\u00f3 ayer un plan de revitalizaci\u00f3n y desarrollo sostenible de estos espacios barriales a partir de la creaci\u00f3n de una identidad propia, desde una visi\u00f3n de desarrollo apuntalando al \u00abcentro\u00bb de cada barrio. El texto promueve la ampliaci\u00f3n de veredas, el ensanchamiento de esquinas, intervenciones art\u00edsticas, espacios verdes, iluminaci\u00f3n peatonal sostenible, equipamiento urbano, ciclov\u00edas y estaci\u00f3n de sistema de bicicletas p\u00fablicas dentro de cada centro comercial.<\/p>\n<p>La propuesta fue presentada por la presidenta del cuerpo, Daniela Le\u00f3n, quien explic\u00f3: \u00abCon esta iniciativa se busca promover proyectos de revitalizaci\u00f3n del espacio p\u00fablico afectado a los centros comerciales a cielo abierto en diferentes barrios de la ciudad\u00bb.<\/p>\n<p>\u00abLa idea \u2014continu\u00f3\u2014es generar una imagen propia en cada una de las zonas intervenidas no s\u00f3lo en su aspecto arquitect\u00f3nico y urban\u00edstico distintivo, sino tambi\u00e9n en el cuidado del ambiente como principal enfoque\u00bb, afirm\u00f3 Le\u00f3n.<\/p>\n<p>Obras. Entre las propuestas que contempla la norma se encuentran la ampliaci\u00f3n de veredas, el ensanchamiento de esquinas, intervenciones art\u00edsticas, espacios verdes, iluminaci\u00f3n peatonal sostenible (iluminaci\u00f3n solar y leds), equipamiento urbano, ciclov\u00edas y estaci\u00f3n de sistema de bicicletas p\u00fablicas dentro de cada centro comercial a cielo abierto.<\/p>\n<p>La presidenta del Concejo aclar\u00f3 que \u00abtodas las intervenciones deber\u00e1n obtener previamente a su ejecuci\u00f3n la correspondiente factibilidad t\u00e9cnica del \u00e1rea competente del Ejecutivo\u00bb.<\/p>\n<p>Para Le\u00f3n, \u00abhay una necesidad real de que los centros comerciales a cielo abierto sean verdaderos paseos comerciales de la ciudad de Rosario, que inviten a caminar por el barrio y motorizar el comercio de la zona\u00bb.<\/p>\n<p>Multic\u00e9ntrica. La iniciativa cont\u00f3 con el apoyo de distintos centros comerciales y entidades empresarias, convencidas de la necesidad de apoyar los emprendimientos barriales frente a la competencia de los shoppings y para potenciar una ciudad multic\u00e9ntrica y no concentrada en su actividad comercial entre los bulevares.<\/p>\n<p>Seg\u00fan la titular del Palacio Vasallo, \u00abel plan de revitalizaci\u00f3n tiene como objetivo fortalecer y contribuir a la modernizaci\u00f3n y sostenibilidad econ\u00f3mica de los comercios minoristas y empresas de servicios; revitalizando este tipo de centros comerciales urbanos y teniendo en cuenta el desarrollo sostenible a nivel ambiental\u00bb.<\/p>\n<p>Le\u00f3n record\u00f3 que a fines de 2014 el cuerpo aprob\u00f3 otro proyecto de su autor\u00eda relacionado con la tem\u00e1tica, el r\u00e9gimen de sponsorizaci\u00f3n, patrocinio y auspicio de centros comerciales a cielo abierto, en busca de generar herramientas para fortalecer cada uno de los espacios.<\/p>\n<p>\u00abEstas ordenanzas \u2014destac\u00f3 la concejala de la Uni\u00f3n C\u00edvica Radical\u2014crean un marco jur\u00eddico para el desarrollo de los centros comerciales a cielo abierto apuntalando al sector del comercio minorista, a la creaci\u00f3n de empleo, a la identidad barrial con un fuerte compromiso con el medio ambiente siendo nuestra ciudad pionera en el desarrollo de este tipo de legislaci\u00f3n de avanzada\u00bb.<\/p>\n<h6>Fuente: La Capital Rosario<\/h6>\n","protected":false},"excerpt":{"rendered":"<p>El proyecto tuvo luz verde ayer y prev\u00e9 la reforma de estos vitales espacios ciudadanos, con obras que le otorguen identidad propia y sustentabilidad<\/p>\n","protected":false},"author":2,"featured_media":51990,"comment_status":"closed","ping_status":"closed","sticky":false,"template":"","format":"standard","meta":{"footnotes":""},"categories":[2],"tags":[10],"class_list":["post-51989","post","type-post","status-publish","format-standard","has-post-thumbnail","hentry","category-informe-municipal","tag-santa-fe"],"_links":{"self":[{"href":"http:\/\/argentinamunicipal.com.ar\/argentina\/wp-json\/wp\/v2\/posts\/51989","targetHints":{"allow":["GET"]}}],"collection":[{"href":"http:\/\/argentinamunicipal.com.ar\/argentina\/wp-json\/wp\/v2\/posts"}],"about":[{"href":"http:\/\/argentinamunicipal.com.ar\/argentina\/wp-json\/wp\/v2\/types\/post"}],"author":[{"embeddable":true,"href":"http:\/\/argentinamunicipal.com.ar\/argentina\/wp-json\/wp\/v2\/users\/2"}],"replies":[{"embeddable":true,"href":"http:\/\/argentinamunicipal.com.ar\/argentina\/wp-json\/wp\/v2\/comments?post=51989"}],"version-history":[{"count":0,"href":"http:\/\/argentinamunicipal.com.ar\/argentina\/wp-json\/wp\/v2\/posts\/51989\/revisions"}],"wp:featuredmedia":[{"embeddable":true,"href":"http:\/\/argentinamunicipal.com.ar\/argentina\/wp-json\/wp\/v2\/media\/51990"}],"wp:attachment":[{"href":"http:\/\/argentinamunicipal.com.ar\/argentina\/wp-json\/wp\/v2\/media?parent=51989"}],"wp:term":[{"taxonomy":"category","embeddable":true,"href":"http:\/\/argentinamunicipal.com.ar\/argentina\/wp-json\/wp\/v2\/categories?post=51989"},{"taxonomy":"post_tag","embeddable":true,"href":"http:\/\/argentinamunicipal.com.ar\/argentina\/wp-json\/wp\/v2\/tags?post=51989"}],"curies":[{"name":"wp","href":"https:\/\/api.w.org\/{rel}","templated":true}]}}