{"id":52010,"date":"2016-08-09T08:00:26","date_gmt":"2016-08-09T11:00:26","guid":{"rendered":"http:\/\/argentinamunicipal.com.ar\/argentina\/?p=52010"},"modified":"2016-08-09T08:00:26","modified_gmt":"2016-08-09T11:00:26","slug":"dan-lo-pide-vidal-cordoba-perdera-6-000-millones-pesos","status":"publish","type":"post","link":"http:\/\/argentinamunicipal.com.ar\/argentina\/dan-lo-pide-vidal-cordoba-perdera-6-000-millones-pesos\/","title":{"rendered":"Si dan lo que pide Vidal, C\u00f3rdoba perder\u00e1 6.000 millones de pesos"},"content":{"rendered":"<p>La gobernadora exige actualizar el Fondo del Conurbano, que ser\u00edan m\u00e1s de 50 mil millones del Impuesto a las Ganancias. De darse esta situaci\u00f3n, la Provincia perder\u00eda casi el total del 15 por ciento de coparticipaci\u00f3n que recuper\u00f3 por un fallo judicial.<\/p>\n<p>Mar\u00eda Eugenia Vidal \u2013gobernadora de Buenos Aires\u2013 exige una cuesti\u00f3n de sentido com\u00fan: que se actualice el monto del Fondo del Conurbano, que hace una d\u00e9cada qued\u00f3 congelado en 650 millones de pesos anuales.<\/p>\n<p>La mandataria bonaerense ya llev\u00f3 su reclamo a la Justicia, como en su momento hizo C\u00f3rdoba por el 15 por ciento de coparticipaci\u00f3n que iba a la Anses.<\/p>\n<p>Si el Gobierno nacional le otorga a Vidal lo que pide, que es el 10 por ciento de lo que se recauda por el Impuesto a las Ganancias, Buenos Aires pasar\u00eda a cobrar casi 50 mil millones de pesos anuales, recursos que se les descontar\u00edan al resto de los distritos.<\/p>\n<p>Seg\u00fan los datos que manejan en la administraci\u00f3n del gobernador Juan Schiaretti, si Buenos Aires consigue su objetivo, C\u00f3rdoba podr\u00eda perder casi la totalidad de los seis mil millones de pesos (anualizados a valores de hoy) que recuper\u00f3 del 15 por ciento de coparticipaci\u00f3n, a trav\u00e9s de un fallo de la Corte Suprema de Justicia.<\/p>\n<p><strong>Segunda etapa<\/strong><\/p>\n<p>La dura discusi\u00f3n por los fondos que mantiene el Gobierno nacional con los gobernadores entr\u00f3 en una segunda etapa, luego del acuerdo por la devoluci\u00f3n del 15 por ciento de coparticipaci\u00f3n.<\/p>\n<p>Salvo C\u00f3rdoba, Santa Fe y San Luis que lo consiguieron en su totalidad mediante una decisi\u00f3n de la Corte Suprema, el resto de las provincias recuperar\u00e1 ese 15 por ciento en cinco a\u00f1os.<\/p>\n<p>En la cumbre de gobernadores\u00ad del martes en Casa Rosada, un tema central de discusi\u00f3n fue la exigencia de la provincia de Buenos Aires. Por el momento no hay acuerdo, ya que el Gobierno nacional pretende que lo que recupere Buenos Aires salga del monto que reciben las provincias, mientras que los gobernadores proponen lo contrario: que la Naci\u00f3n aporte esos recursos.<\/p>\n<p>Seg\u00fan la ley 23.928, la provincia de Buenos Aires recibir\u00e1 el 10 por ciento de lo que se recaude del Impuesto a las Ganancias, hasta un monto de 650 millones de pesos.<\/p>\n<p>Ese monto nunca se actualiz\u00f3 y por Ganancias hoy el Estado nacional recibe casi 444.000 millones de pesos. S\u00f3lo en este concepto, Vidal deber\u00eda percibir 44 mil millones de pesos, en 2016.<\/p>\n<p>Pero, adem\u00e1s, hay un cuatro por ciento del Impuesto a las Ganancias (17.700 millones este a\u00f1o) que cobran todas las provincias, excepto Buenos Aires.<\/p>\n<p>Esos fondos se reparten seg\u00fan el \u00edndice de Necesidades B\u00e1sicas Insatisfechas. Por este \u00edtem, C\u00f3rdoba recibir\u00e1 este a\u00f1o casi 1.700 millones de pesos.<\/p>\n<p>La gobernadora Vidal tambi\u00e9n exige que su distrito perciba este fondo, con lo cual el resto de las provincias perder\u00edan recursos por una doble v\u00eda.<\/p>\n<p>Giordano, preocupado<\/p>\n<p>M\u00e1s all\u00e1 de la discusi\u00f3n que existe a nivel nacional por el reparto de los fondos coparticipables, en C\u00f3rdoba los intendentes tambi\u00e9n reclaman que la Provincia no distribuye fondos federales que llegan del Poder Central.<\/p>\n<p>Adem\u00e1s est\u00e1 el mencionado 15 por ciento de coparticipaci\u00f3n que el Gobierno de la provincia est\u00e1 recibiendo, pero que no lo coparticipa a los municipios.<\/p>\n<p>El argumento oficial es que no lo distribuye porque debe cubrir el d\u00e9ficit de la Caja de Jubila\u00adciones.<\/p>\n<p>El ministro de Finanzas de la provincia, Osvaldo Giordano, reiter\u00f3 ayer algo que el gobernador Schiaretti ya prometi\u00f3 de manera p\u00fablica. \u201cEl gobernador ya ha dicho que una vez que haya un acuerdo por el rojo de la Caja, se distribuir\u00e1 a los municipios ese 15 por ciento que les corresponde. Mientras tanto, el tesoro provincial est\u00e1 haciendo frente a ese d\u00e9ficit\u201d, dijo Giordano.<\/p>\n<p>El funcionario schiarettista evit\u00f3 pronunciarse sobre los otros reclamos de fondos que est\u00e1n haciendo los intendentes opositores, m\u00e1s all\u00e1 del 15 por ciento.<\/p>\n<p>Giordano se mostr\u00f3 preocupado por la posibilidad de que la Provincia pierda m\u00e1s recursos si se atiende el reclamo de Buenos Aires, pero tambi\u00e9n por el enfriamiento de la econom\u00eda.<\/p>\n<p>\u201cEs evidente de que se est\u00e1 recaudando por debajo del \u00edndice de inflaci\u00f3n y eso no es bueno para nadie. Es cierto que se prev\u00e9 un repunte de la econom\u00eda en este segundo semestre, pero la situaci\u00f3n es complicada para todos\u201d, dijo el funcionario schiarettista.<\/p>\n<p><strong>Discusi\u00f3n\u00a0<\/strong><\/p>\n<p>$2.960 millones de pesos es lo que perder\u00eda C\u00f3rdoba s\u00f3lo en el segundo semestre del a\u00f1o, si el Gobierno nacional accede al pedido de Mar\u00eda Eugenia Vidal de otorgarle el 10 por ciento de lo que se recaude por el Impuesto a las Ganancias.<\/p>\n<p><strong>Intimaci\u00f3n y vacaciones\u00a0<\/strong><\/p>\n<p>Pese a que en el duro documento que suscribieron los intendentes de Cambiemos exigieron al Gobierno provincial una respuesta concreta a sus reclamos en 72 horas, ayer se conoci\u00f3 que el gobernador Juan Schiaretti se fue de vacaciones a Europa y reci\u00e9n regresar\u00e1 en 10 d\u00edas. En el Centro C\u00edvico argumentaron que la cuesti\u00f3n se tratar\u00e1 en la pr\u00f3xima reuni\u00f3n de la Mesa Provincia-Municipios, que no tiene fecha. Por ahora, no habr\u00e1 una respuesta m\u00e1s concreta.<\/p>\n<h6>Fuente: La Voz del Interior<\/h6>\n","protected":false},"excerpt":{"rendered":"<p>La gobernadora exige actualizar el Fondo del Conurbano, que ser\u00edan m\u00e1s de 50 mil millones del Impuesto a las Ganancias. De darse esta situaci\u00f3n, la Provincia perder\u00eda casi el total del 15 por ciento de coparticipaci\u00f3n que recuper\u00f3 por un fallo judicial.<\/p>\n","protected":false},"author":2,"featured_media":52011,"comment_status":"closed","ping_status":"closed","sticky":false,"template":"","format":"standard","meta":{"footnotes":""},"categories":[65],"tags":[3],"class_list":["post-52010","post","type-post","status-publish","format-standard","has-post-thumbnail","hentry","category-provincias","tag-cordoba"],"_links":{"self":[{"href":"http:\/\/argentinamunicipal.com.ar\/argentina\/wp-json\/wp\/v2\/posts\/52010","targetHints":{"allow":["GET"]}}],"collection":[{"href":"http:\/\/argentinamunicipal.com.ar\/argentina\/wp-json\/wp\/v2\/posts"}],"about":[{"href":"http:\/\/argentinamunicipal.com.ar\/argentina\/wp-json\/wp\/v2\/types\/post"}],"author":[{"embeddable":true,"href":"http:\/\/argentinamunicipal.com.ar\/argentina\/wp-json\/wp\/v2\/users\/2"}],"replies":[{"embeddable":true,"href":"http:\/\/argentinamunicipal.com.ar\/argentina\/wp-json\/wp\/v2\/comments?post=52010"}],"version-history":[{"count":0,"href":"http:\/\/argentinamunicipal.com.ar\/argentina\/wp-json\/wp\/v2\/posts\/52010\/revisions"}],"wp:featuredmedia":[{"embeddable":true,"href":"http:\/\/argentinamunicipal.com.ar\/argentina\/wp-json\/wp\/v2\/media\/52011"}],"wp:attachment":[{"href":"http:\/\/argentinamunicipal.com.ar\/argentina\/wp-json\/wp\/v2\/media?parent=52010"}],"wp:term":[{"taxonomy":"category","embeddable":true,"href":"http:\/\/argentinamunicipal.com.ar\/argentina\/wp-json\/wp\/v2\/categories?post=52010"},{"taxonomy":"post_tag","embeddable":true,"href":"http:\/\/argentinamunicipal.com.ar\/argentina\/wp-json\/wp\/v2\/tags?post=52010"}],"curies":[{"name":"wp","href":"https:\/\/api.w.org\/{rel}","templated":true}]}}