{"id":52025,"date":"2016-08-09T08:32:00","date_gmt":"2016-08-09T11:32:00","guid":{"rendered":"http:\/\/argentinamunicipal.com.ar\/argentina\/?p=52025"},"modified":"2016-08-09T08:32:00","modified_gmt":"2016-08-09T11:32:00","slug":"segundo-semestre-arranco-una-ola-despidos-suspensiones-sector-privado","status":"publish","type":"post","link":"http:\/\/argentinamunicipal.com.ar\/argentina\/segundo-semestre-arranco-una-ola-despidos-suspensiones-sector-privado\/","title":{"rendered":"El segundo semestre arranc\u00f3 con una ola de despidos y suspensiones en el sector privado"},"content":{"rendered":"<p>El relevamiento presentado para el mes de julio arroja un sustancial aumento en la cantidad de despidos y suspensiones con 15.137 nuevos casos (entre el sector p\u00fablico y privado) siendo que en junio se contabilizaron 11.721 casos.<\/p>\n<p>Seg\u00fan un informe del Centro de Econom\u00eda Pol\u00edtica Argentina (CEPA), el segundo semestre arranc\u00f3 con una ola de despidos y suspensiones en el sector privado. S\u00f3lo en julio, hubo 14.149 ceses de contrato, 4.324 de los cuales, se produjeron en la industria.<\/p>\n<p>A una primera ola de despidos y suspensiones en el sector p\u00fablico y la construcci\u00f3n (diciembre-enero), le sigue una ola de despidos y suspensiones en el sector privado, particularmente en la industria, y que en estos dos \u00faltimos meses impacta en el sector de servicios, particularmente comercio y gastron\u00f3mico.<\/p>\n<p>El relevamiento presentado para el mes de julio arroja un sustancial aumento en la cantidad de despidos y suspensiones con 15.137 nuevos casos (entre el sector p\u00fablico y privado) -siendo que en junio se contabilizaron 11.721 casos-. Resalta en este aspecto, la incidencia del sector privado, que motoriz\u00f3 m\u00e1s del 93% de los despidos y suspensiones, siendo adem\u00e1s central el peso de estas \u00faltimas sobre el total.<\/p>\n<p>El informe presenta adem\u00e1s un significativo incremento en los despidos de la industria (con 4.324 nuevos casos) y un marcado aumento de la cantidad de suspensiones tambi\u00e9n en el sector manufacturero, que ascendieron a 7.067 casos. Respecto del sector servicios, las cifras se han mantenido en los niveles del mes anterior, en valores elevados respecto de los relevamientos anteriores.<\/p>\n<p>En el mes de julio los despidos se concentraron particularmente en 6 actividades, que explicaron el 74% de despidos y suspensiones. Se trata del sector textil, automotriz petrolero, frigor\u00edfico, electr\u00f3nica y electrodom\u00e9stico y sector servicios-omercial.<\/p>\n<p>En el primer sector -textil- y como resultado de la apertura de importaciones hubo 2.520 suspensiones y 111 despidos s\u00f3lo en el mes de julio. En esta l\u00ednea, resultan sugestivos algunos casos de llano incumplimiento del acuerdo firmado entre grupos empresarios y el gobierno nacional por 6 meses, para evitar despidos. El caso Alpargatas con 48 despidos y 550 suspensiones en julio -como resultado de un ajuste productivo por la apertura importadora- contradice directamente el compromiso asumido el 9 de mayo.<\/p>\n<p>Adicionalmente, son para mencionar los despidos y suspensiones en sector petrolero. Se contabilizan en julio 1.353 despidos, donde las empresas petroleras argumentan altos costos, y el escenario marca una profundizaci\u00f3n de la conflictividad en la Patagonia. Continuando con el rubro energ\u00e9tico son preocupantes los 500 despidos en YPF -acompa\u00f1ados de bajas de equipos-, mientras que en el caso de EDESUR, beneficiada con aumento de tarifas, se produjeron sendos despidos de trabajadores contratados, alcanzando aproximadamente 200 casos.<\/p>\n<h6>Fuente: El Patag\u00f3nico<\/h6>\n","protected":false},"excerpt":{"rendered":"<p>El relevamiento presentado para el mes de julio arroja un sustancial aumento en la cantidad de despidos y suspensiones con 15.137 nuevos casos (entre el sector p\u00fablico y privado) siendo que en junio se contabilizaron 11.721 casos.<\/p>\n","protected":false},"author":2,"featured_media":52026,"comment_status":"closed","ping_status":"closed","sticky":false,"template":"","format":"standard","meta":{"footnotes":""},"categories":[8],"tags":[21],"class_list":["post-52025","post","type-post","status-publish","format-standard","has-post-thumbnail","hentry","category-informe-nacional","tag-argentina"],"_links":{"self":[{"href":"http:\/\/argentinamunicipal.com.ar\/argentina\/wp-json\/wp\/v2\/posts\/52025","targetHints":{"allow":["GET"]}}],"collection":[{"href":"http:\/\/argentinamunicipal.com.ar\/argentina\/wp-json\/wp\/v2\/posts"}],"about":[{"href":"http:\/\/argentinamunicipal.com.ar\/argentina\/wp-json\/wp\/v2\/types\/post"}],"author":[{"embeddable":true,"href":"http:\/\/argentinamunicipal.com.ar\/argentina\/wp-json\/wp\/v2\/users\/2"}],"replies":[{"embeddable":true,"href":"http:\/\/argentinamunicipal.com.ar\/argentina\/wp-json\/wp\/v2\/comments?post=52025"}],"version-history":[{"count":0,"href":"http:\/\/argentinamunicipal.com.ar\/argentina\/wp-json\/wp\/v2\/posts\/52025\/revisions"}],"wp:featuredmedia":[{"embeddable":true,"href":"http:\/\/argentinamunicipal.com.ar\/argentina\/wp-json\/wp\/v2\/media\/52026"}],"wp:attachment":[{"href":"http:\/\/argentinamunicipal.com.ar\/argentina\/wp-json\/wp\/v2\/media?parent=52025"}],"wp:term":[{"taxonomy":"category","embeddable":true,"href":"http:\/\/argentinamunicipal.com.ar\/argentina\/wp-json\/wp\/v2\/categories?post=52025"},{"taxonomy":"post_tag","embeddable":true,"href":"http:\/\/argentinamunicipal.com.ar\/argentina\/wp-json\/wp\/v2\/tags?post=52025"}],"curies":[{"name":"wp","href":"https:\/\/api.w.org\/{rel}","templated":true}]}}