{"id":52028,"date":"2016-08-09T07:32:27","date_gmt":"2016-08-09T10:32:27","guid":{"rendered":"http:\/\/argentinamunicipal.com.ar\/argentina\/?p=52028"},"modified":"2016-08-09T08:34:16","modified_gmt":"2016-08-09T11:34:16","slug":"sector-textil-atravieza-la-peor-crisis-los-ultimos-20-anos","status":"publish","type":"post","link":"http:\/\/argentinamunicipal.com.ar\/argentina\/sector-textil-atravieza-la-peor-crisis-los-ultimos-20-anos\/","title":{"rendered":"El sector textil atravieza la peor crisis de los \u00faltimos 20 a\u00f1os"},"content":{"rendered":"<p>El ministro de la Producci\u00f3n, Luis Fern\u00e1ndez, encabez\u00f3 una reuni\u00f3n con diferentes sectores del sector textil. La preocupaci\u00f3n por el dif\u00edcil escenario laboral y de producci\u00f3n del sector fueron los temas principales que se tocaron en el encuentro con representantes de los privados y del gremio.<\/p>\n<p>Estuvieron presentes Jos\u00e9 Giulano y Ra\u00fal Baldacci, de Tecotex, Santiago Bonatti y Luis Francisco Ruiz, representantes de Hilados SA., Luis Salado, apoderado del gremio que nuclea a los empleados, el vicepresidente primero del Parlamento, Julio Silman y el secretario de M MiPyme, Jorge Dominguez.<\/p>\n<p>Tras la reuni\u00f3n, Fern\u00e1ndez explic\u00f3 que\u00a0 \u201clas importaciones indiscriminadas, sumada a la ca\u00edda del consumo tuvieron malas consecuencias en la industria textil. Es una situaci\u00f3n que ya sucedi\u00f3, la conocemos, como as\u00ed tambi\u00e9n sus efectos, por lo tanto la soluci\u00f3n es que se termine con las importaciones\u201d.<\/p>\n<p>En este sentido, expres\u00f3 que el mi\u00e9rcoles al mediod\u00eda est\u00e1 prevista una reuni\u00f3n con el ministro de Trabajo, Jorge Triaca para plantear la situaci\u00f3n. \u201cAll\u00ed pediremos soluciones como aumentos en el Programa de Recuperaci\u00f3n Productiva (Repro). Mientras que con Producci\u00f3n de la Naci\u00f3n, en otra instancia, abordaremos el tema de importaciones\u201d.<\/p>\n<p>A su vez, indic\u00f3 que \u201clas f\u00e1bricas radicadas en la Provincia realizaron importantes inversiones, son eficientes con la mejor tecnolog\u00eda del mundo, sin embargo no pueden ser, hoy, competitivas con otros pa\u00edses que tienen salarios muy bajos\u201d.<\/p>\n<p>El apoderado de la Asociaci\u00f3n Obrera Textil (AOT), Salado, luego de la reuni\u00f3n, dijo que \u201cla situaci\u00f3n es muy delicada, solamente la empresa Tavex tiene 400 empleados suspendidos\u201d y a\u00f1adi\u00f3 que \u201cel objetivo de la reuni\u00f3n fue que la Provincia gestione ante Naci\u00f3n un aumento del Repro de 2000 a 4000 pesos que ser\u00e1 coyuntural, la soluci\u00f3n de fondo es que se controlen las importaciones que crecieron el 42 por ciento en los primeros seis meses del a\u00f1o\u201d.<\/p>\n<h6>Fuente: Tucum\u00e1n hoy<\/h6>\n","protected":false},"excerpt":{"rendered":"<p>El ministro de la Producci\u00f3n, Luis Fern\u00e1ndez, encabez\u00f3 una reuni\u00f3n con diferentes sectores del sector textil. La preocupaci\u00f3n por el dif\u00edcil escenario laboral y de producci\u00f3n del sector fueron los temas principales<\/p>\n","protected":false},"author":2,"featured_media":52029,"comment_status":"closed","ping_status":"closed","sticky":false,"template":"","format":"standard","meta":{"footnotes":""},"categories":[8],"tags":[21],"class_list":["post-52028","post","type-post","status-publish","format-standard","has-post-thumbnail","hentry","category-informe-nacional","tag-argentina"],"_links":{"self":[{"href":"http:\/\/argentinamunicipal.com.ar\/argentina\/wp-json\/wp\/v2\/posts\/52028","targetHints":{"allow":["GET"]}}],"collection":[{"href":"http:\/\/argentinamunicipal.com.ar\/argentina\/wp-json\/wp\/v2\/posts"}],"about":[{"href":"http:\/\/argentinamunicipal.com.ar\/argentina\/wp-json\/wp\/v2\/types\/post"}],"author":[{"embeddable":true,"href":"http:\/\/argentinamunicipal.com.ar\/argentina\/wp-json\/wp\/v2\/users\/2"}],"replies":[{"embeddable":true,"href":"http:\/\/argentinamunicipal.com.ar\/argentina\/wp-json\/wp\/v2\/comments?post=52028"}],"version-history":[{"count":0,"href":"http:\/\/argentinamunicipal.com.ar\/argentina\/wp-json\/wp\/v2\/posts\/52028\/revisions"}],"wp:featuredmedia":[{"embeddable":true,"href":"http:\/\/argentinamunicipal.com.ar\/argentina\/wp-json\/wp\/v2\/media\/52029"}],"wp:attachment":[{"href":"http:\/\/argentinamunicipal.com.ar\/argentina\/wp-json\/wp\/v2\/media?parent=52028"}],"wp:term":[{"taxonomy":"category","embeddable":true,"href":"http:\/\/argentinamunicipal.com.ar\/argentina\/wp-json\/wp\/v2\/categories?post=52028"},{"taxonomy":"post_tag","embeddable":true,"href":"http:\/\/argentinamunicipal.com.ar\/argentina\/wp-json\/wp\/v2\/tags?post=52028"}],"curies":[{"name":"wp","href":"https:\/\/api.w.org\/{rel}","templated":true}]}}