{"id":52035,"date":"2016-08-10T06:52:08","date_gmt":"2016-08-10T09:52:08","guid":{"rendered":"http:\/\/argentinamunicipal.com.ar\/argentina\/?p=52035"},"modified":"2016-08-10T06:52:09","modified_gmt":"2016-08-10T09:52:09","slug":"fiesta-la-nieve-bariloche-del-5-al-14-agosto","status":"publish","type":"post","link":"http:\/\/argentinamunicipal.com.ar\/argentina\/fiesta-la-nieve-bariloche-del-5-al-14-agosto\/","title":{"rendered":"Fiesta de la nieve en Bariloche del 5 al 14 de agosto"},"content":{"rendered":"<p>Fiesta de la nieve en Bariloche Lugar : Cerro Catedral y Centro C\u00edvico, Mitre e Independencia Desde : 05\/08\/2016 Hasta : 14\/08\/2016<\/p>\n<p>Este encuentro se ha convertido en un cl\u00e1sico barilochense porque es un evento para toda la familia, y por el optimismo y la buena onda que genera ante la llegada de la temporada invernal.<\/p>\n<p>Desde hace a\u00f1os, San Carlos de Bariloche y su centro de esqu\u00ed celebran la Fiesta de la Nieve, que coincide con el inicio de las actividades invernales. Durante cuatro jornadas \u201ctiran la casa por la ventana\u201d y tanto residentes como turistas participan de un programa donde no faltan atracciones para pasarla bien.<\/p>\n<p>La carrera de mozos y camareras, el concurso de hacheros, la bajada de antorchas y la elecci\u00f3n de la reina son algunos de los momentos m\u00e1s impactantes del festejo. El principal ingrediente es que se comparten augurios sobre la nieve que caer\u00e1 en abundancia, as\u00ed como el p\u00fablico numeroso que vendr\u00e1 a disfrutar de este hermoso complejo.<\/p>\n<p>Las calles del centro se pueblan de una multitud que recorre los escenarios donde se realizan las presentaciones, a la vez que toman chocolate caliente o compran en casas especializadas. De esa forma, se genera un clima de distensi\u00f3n y de j\u00fabilo que contagia.<\/p>\n<p>El cerro Catedral despierta de su letargo, los medios de elevaci\u00f3n encienden sus motores y se realiza la apertura oficial de las actividades. Al anochecer, los instructores de las escuelas del cerro brindan un espect\u00e1culo extraordinario: desde la cumbre y a lo largo de distintas pistas realizan una bajada lenta sobre sus tablas y portan teas ardientes. Desde la base se observa una enorme letra \u201cS\u201d iluminada mientras la m\u00fasica acompa\u00f1a ese momento imborrable.<\/p>\n<p>Siendo el centro de esqu\u00ed m\u00e1s antiguo, con mayor superficie esquiable y con vistas incre\u00edbles desde las distintas cotas, son muchos los adeptos que llegan desde los puntos m\u00e1s lejanos. Las conversaciones giran alrededor de la altura, el poder de deslizamiento de la nieve y los mejores descensos que cada uno recuerda de tiempos pasados. T\u00e9rminos como freestyle, freeride y los lugares de esparcimiento after ski de moda pasan a ser moneda corriente.<\/p>\n<p>Cuando el lanzamiento del per\u00edodo invernal llega a su fin, el desfile de carrozas, los espect\u00e1culos musicales en el Centro C\u00edvico y los fuegos artificiales deslumbran al p\u00fablico reunido. El adi\u00f3s durar\u00e1 hasta la siguiente Fiesta de la Nieve.<\/p>\n<h6>Fuente: Welcome Argentina<\/h6>\n","protected":false},"excerpt":{"rendered":"<p>Este encuentro se ha convertido en un cl\u00e1sico barilochense porque es un evento para toda la familia, y por el optimismo y la buena onda que genera ante la llegada de la temporada invernal.<\/p>\n","protected":false},"author":2,"featured_media":52036,"comment_status":"closed","ping_status":"closed","sticky":false,"template":"","format":"standard","meta":{"footnotes":""},"categories":[47],"tags":[11],"class_list":["post-52035","post","type-post","status-publish","format-standard","has-post-thumbnail","hentry","category-fiestas","tag-rio-negro"],"_links":{"self":[{"href":"http:\/\/argentinamunicipal.com.ar\/argentina\/wp-json\/wp\/v2\/posts\/52035","targetHints":{"allow":["GET"]}}],"collection":[{"href":"http:\/\/argentinamunicipal.com.ar\/argentina\/wp-json\/wp\/v2\/posts"}],"about":[{"href":"http:\/\/argentinamunicipal.com.ar\/argentina\/wp-json\/wp\/v2\/types\/post"}],"author":[{"embeddable":true,"href":"http:\/\/argentinamunicipal.com.ar\/argentina\/wp-json\/wp\/v2\/users\/2"}],"replies":[{"embeddable":true,"href":"http:\/\/argentinamunicipal.com.ar\/argentina\/wp-json\/wp\/v2\/comments?post=52035"}],"version-history":[{"count":0,"href":"http:\/\/argentinamunicipal.com.ar\/argentina\/wp-json\/wp\/v2\/posts\/52035\/revisions"}],"wp:featuredmedia":[{"embeddable":true,"href":"http:\/\/argentinamunicipal.com.ar\/argentina\/wp-json\/wp\/v2\/media\/52036"}],"wp:attachment":[{"href":"http:\/\/argentinamunicipal.com.ar\/argentina\/wp-json\/wp\/v2\/media?parent=52035"}],"wp:term":[{"taxonomy":"category","embeddable":true,"href":"http:\/\/argentinamunicipal.com.ar\/argentina\/wp-json\/wp\/v2\/categories?post=52035"},{"taxonomy":"post_tag","embeddable":true,"href":"http:\/\/argentinamunicipal.com.ar\/argentina\/wp-json\/wp\/v2\/tags?post=52035"}],"curies":[{"name":"wp","href":"https:\/\/api.w.org\/{rel}","templated":true}]}}