{"id":52041,"date":"2016-08-10T07:05:25","date_gmt":"2016-08-10T10:05:25","guid":{"rendered":"http:\/\/argentinamunicipal.com.ar\/argentina\/?p=52041"},"modified":"2016-08-10T07:05:25","modified_gmt":"2016-08-10T10:05:25","slug":"buenos-aires-pleno-conflicto-los-procrear-basavilbaso-se-reunio-intendentes-cambiemos","status":"publish","type":"post","link":"http:\/\/argentinamunicipal.com.ar\/argentina\/buenos-aires-pleno-conflicto-los-procrear-basavilbaso-se-reunio-intendentes-cambiemos\/","title":{"rendered":"Buenos Aires: En pleno conflicto por los PROCREAR, Basavilbaso se reuni\u00f3 con intendentes de Cambiemos"},"content":{"rendered":"<p>El Director Ejecutivo de la Anses recibi\u00f3 a siete alcaldes oficialistas de distintas secciones electorales de la Provincia. Desde la entidad aseguraron que se habl\u00f3 del \u201cimpacto de las distintas problem\u00e1ticas de la seguridad social en cada localidad y establecer agendas de trabajo en com\u00fan\u201d.<\/p>\n<p>Veinticuatro horas despu\u00e9s que diputados bonaerenses realizaran una interpelaci\u00f3n a las autoridades nacionales por el congelamiento de varios proyectos del PROCREAR, el Director Ejecutivo de la ANSES, Emilio Basavilbaso, recibi\u00f3 en su oficina a siete intendentes bonaerenses con quienes dialog\u00f3 respecto al alcance de las pol\u00edticas del organismo.<\/p>\n<p>Sin especificar los temas en concreto, desde el ente nacional se\u00f1alaron que durante la reuni\u00f3n de trabajo se discuti\u00f3 \u201csobre analiz\u00f3 la situaci\u00f3n de la seguridad social en cada distrito y se acord\u00f3 trabajar conjuntamente para mejorar la atenci\u00f3n ciudadana\u201d.<\/p>\n<p>Los intendentes bonaerenses que se reunieron con Basavilbaso fueron Martiniano Molina (Quilmes), Pablo Petrecca (Jun\u00edn), Cecilio Salazar (San Pedro), Facundo Castelli (Puan), Ezequiel Galli (Olavarr\u00eda), Julio Garro (La Plata) y Jorge Macri (Vicente L\u00f3pez).<\/p>\n<p>\u201cCon estas reuniones buscamos afianzar el compromiso que tenemos con los ciudadanos para llevar la seguridad social a todos lados. La comunicaci\u00f3n con los intendentes es permanente y esencial para interiorizarnos de la situaci\u00f3n en cada localidad y ver c\u00f3mo desde el Estado Nacional en conjunto podemos brindar soluciones para mejorar la vida de los argentinos\u201d, se\u00f1al\u00f3 Basavilbaso.<\/p>\n<p>Horas antes del encuentro, desde el bloque de diputados bonaerense del FpV-PJ hab\u00edan solicitado una audiencia \u201cen la brevedad\u201d con Basavilbaso, con el titular del Banco Hipotecario, Eduardo Elsztain, para tratar la situaci\u00f3n de aquellos proyectos del PROCREAR paralizados en distintas ciudades bonaerenses.<\/p>\n<h6>Fuente: InfoCielo<\/h6>\n","protected":false},"excerpt":{"rendered":"<p>El Director Ejecutivo de la Anses recibi\u00f3 a siete alcaldes oficialistas de distintas secciones electorales de la Provincia. <\/p>\n","protected":false},"author":2,"featured_media":52042,"comment_status":"closed","ping_status":"closed","sticky":false,"template":"","format":"standard","meta":{"footnotes":""},"categories":[4],"tags":[12],"class_list":["post-52041","post","type-post","status-publish","format-standard","has-post-thumbnail","hentry","category-informe-politico","tag-buenos-aires"],"_links":{"self":[{"href":"http:\/\/argentinamunicipal.com.ar\/argentina\/wp-json\/wp\/v2\/posts\/52041","targetHints":{"allow":["GET"]}}],"collection":[{"href":"http:\/\/argentinamunicipal.com.ar\/argentina\/wp-json\/wp\/v2\/posts"}],"about":[{"href":"http:\/\/argentinamunicipal.com.ar\/argentina\/wp-json\/wp\/v2\/types\/post"}],"author":[{"embeddable":true,"href":"http:\/\/argentinamunicipal.com.ar\/argentina\/wp-json\/wp\/v2\/users\/2"}],"replies":[{"embeddable":true,"href":"http:\/\/argentinamunicipal.com.ar\/argentina\/wp-json\/wp\/v2\/comments?post=52041"}],"version-history":[{"count":0,"href":"http:\/\/argentinamunicipal.com.ar\/argentina\/wp-json\/wp\/v2\/posts\/52041\/revisions"}],"wp:featuredmedia":[{"embeddable":true,"href":"http:\/\/argentinamunicipal.com.ar\/argentina\/wp-json\/wp\/v2\/media\/52042"}],"wp:attachment":[{"href":"http:\/\/argentinamunicipal.com.ar\/argentina\/wp-json\/wp\/v2\/media?parent=52041"}],"wp:term":[{"taxonomy":"category","embeddable":true,"href":"http:\/\/argentinamunicipal.com.ar\/argentina\/wp-json\/wp\/v2\/categories?post=52041"},{"taxonomy":"post_tag","embeddable":true,"href":"http:\/\/argentinamunicipal.com.ar\/argentina\/wp-json\/wp\/v2\/tags?post=52041"}],"curies":[{"name":"wp","href":"https:\/\/api.w.org\/{rel}","templated":true}]}}