{"id":52044,"date":"2016-08-10T07:08:04","date_gmt":"2016-08-10T10:08:04","guid":{"rendered":"http:\/\/argentinamunicipal.com.ar\/argentina\/?p=52044"},"modified":"2016-08-10T07:08:04","modified_gmt":"2016-08-10T10:08:04","slug":"otra-renuncia-mas-mar-del-plata-detalles-una-fiesta-se-viene-posibles-cambios-turismo","status":"publish","type":"post","link":"http:\/\/argentinamunicipal.com.ar\/argentina\/otra-renuncia-mas-mar-del-plata-detalles-una-fiesta-se-viene-posibles-cambios-turismo\/","title":{"rendered":"Otra renuncia m\u00e1s en Mar del Plata, detalles de una fiesta que se viene y posibles cambios en Turismo"},"content":{"rendered":"<p>Lo que nadie te cuenta de la escena pol\u00edtica, social y econ\u00f3mica de la ciudad.<\/p>\n<p>La sorpresiva salida de Eduardo Abud del Enosur tuvo aristas inesperadas. \u201cYo no firm\u00e9 nada\u201d, lleg\u00f3 a decirle el intendente Carlos Arroyo al ahora ex titular del ente en la reuni\u00f3n en que trat\u00f3 de convencerlo para que se quedara en el gabinete. Al mismo tiempo, trascend\u00eda por los medios el decreto mediante el que el jefe comunal le sac\u00f3 al Enosur el manejo de la obra p\u00fablica y se la pas\u00f3 a la Secretar\u00eda de Planeamiento Urbano.<\/p>\n<p>El titular de esa dependencia, Guillermo de Paz, gana cada vez m\u00e1s terreno en los dirigentes del PRO bonaerense. Qued\u00f3 claro en las notas que dio el viernes Jorge Macri durante su paso por la ciudad. \u201cHay obras que se van a ejecutar en todo lo que es espacio p\u00fablico de la costa y en torno de los barrios m\u00e1s humildes y postergados con recursos de Naci\u00f3n, y que los est\u00e1 trabajando Guillermo Paz (sic)\u201d, dijo Macri, dejando en claro qui\u00e9n es el hombre elegido por el PRO para el manejo de la obra p\u00fablica.<\/p>\n<p>El gobierno nacional quisiera lucir alg\u00fan logro en Mar del Plata, sobre todo el iniciarse el a\u00f1o pr\u00f3ximo, el cual estar\u00e1 signado por las elecciones legislativas. Sin embargo cuando faltan menos de cinco meses de que concluya 2016 no existe en marcha ning\u00fan proyecto con sello propio capaz de darle algo de brillo a una campa\u00f1a. La decisi\u00f3n de haberle asignado a De Paz la gesti\u00f3n de la obra p\u00fablica tiene para algunos la intenci\u00f3n de, justamente, mejorar las perspectivas de que en los pr\u00f3ximos meses haya alguna concreci\u00f3n que permita mostrar alg\u00fan logro.<\/p>\n<p>Hubo quienes desde fuera del municipio percibieron que De Paz podr\u00eda encarnar una buena dupla con Mario Dell\u2019Olio, presidente de Obras Sanitarias desde la gesti\u00f3n de Gustavo Pulti. Ambos funcionarios se caracterizaron por haberse mantenido al margen de los sucesivos conflictos que empa\u00f1aron a la gesti\u00f3n de Arroyo, enfoc\u00e1ndose en sus respectivos trabajos con relativa efectividad. El gobierno del presidente Mauricio Macri tiene la meta de ampliar de manera significativa la cobertura de los servicios de agua y cloacas en todo el pa\u00eds y Mar del Plata re\u00fane las condiciones para, en ambos casos, llegar al hito del 100% r\u00e1pidamente. Claro que para que eso suceda deber\u00eda haber funcionarios capaces de llevar a la pr\u00e1ctica los proyectos en los tiempos en los que la pol\u00edtica exige.<\/p>\n<p>Con su regreso al Concejo Deliberante, Eduardo Abud caus\u00f3 una serie de movimientos pol\u00edticos inesperados. Al volver a ocupar su banca desplaz\u00f3 a su reemplazante, Luis Rech, quien ven\u00eda cumpliendo con una mesurada tarea como integrante del interbloque de Cambiemos. As\u00ed, se modific\u00f3 el delicado equilibrio interno que hab\u00eda dentro de la UCR. Rech se muestra siempre cercano al diputado Maximiliano Abad, quien ahora perdi\u00f3 a su edil m\u00e1s af\u00edn en Mar del Plata.<\/p>\n<p>Hubo quienes creyeron reconocer los cimbronazos que provoc\u00f3 la partida de Abud dentro del radicalismo en un acto p\u00fablico realizado este lunes en la Facultad de Derecho. All\u00ed, por iniciativa de Abad y del defensor del Pueblo, Fernando Rizzi, se realiz\u00f3 una jornada de trabajo para analizar de qu\u00e9 manera modificar los circuitos electorales de General Pueyrredon. Hubo figuras de las m\u00e1s diversas fuerzas pol\u00edticas. Pero a\u00fan as\u00ed dicen que Abad y Rizzi se sintieron algo solos: pocos radicales asistieron a la cita.<\/p>\n<p>Las cr\u00edticas a Arroyo suelen venir de diversos \u00e1mbitos y de manera cotidiana. La semana pasada fue cuestionado hasta por un decreto que suelen rubricar los intendentes para delegar facultades en sus funcionarios. \u201cPero es algo que se viene haciendo desde 1984, durante la intendencia de Roig\u201d, aclararon fuentes legislativas cuando en parte de la oposici\u00f3n crec\u00eda la sospecha de que Arroyo estaba delegando poder.<\/p>\n<p>La fiesta de la cerveza artesanal tiene fecha y lugar. La C\u00e1mara de Fabricantes de Cerveza Artesanal se asoci\u00f3 con conocida productora marplatense de alcance nacional para producir tan esperado festival. Juntos, c\u00e1mara y productora le pondr\u00e1n una impronta innovadora al evento. \u00bfMes? Noviembre. \u00bfLugar? Arena Mdq.<\/p>\n<p>Comentarios a Radio Pasillo hicieron saber que est\u00e1n preparando la presentaci\u00f3n para medios e invitados especiales, donde oficialmente se detallar\u00e1 la producci\u00f3n de quiz\u00e1s uno de los acontecimientos m\u00e1s esperados de la industria marplatense y con m\u00e1s proyecci\u00f3n de futuro. \u00bfSe viene Mar del Plata capital nacional de la cerveza artesanal?<\/p>\n<p>\u00bfSe vienen cambios en Turismo? En las \u00faltimas horas comenzaron a trascender, desde distintas fuentes, versiones que indican que se produc\u00edr\u00edan cambios de importancia en el Ente de Turismo. La gesti\u00f3n de Mario Marchioli no termina de convencer al intendente y a su equipo, y m\u00e1s de uno ya le ha pedido al intendente que se \u201crenueve\u201d esa dependencia clave. Incluso ya se barajan nombres de reemplanzantes, pero en esto siempre hay intereses en juego, por lo que lo mejor ser\u00e1 esperar. Aunque los m\u00e1s ansiosos preguntan: \u00bfllega una dama?<\/p>\n<h6>Fuente: La Capital Mar del Plata<\/h6>\n","protected":false},"excerpt":{"rendered":"<p>Lo que nadie te cuenta de la escena pol\u00edtica, social y econ\u00f3mica de la ciudad.<\/p>\n","protected":false},"author":2,"featured_media":52045,"comment_status":"closed","ping_status":"closed","sticky":false,"template":"","format":"standard","meta":{"footnotes":""},"categories":[4],"tags":[12],"class_list":["post-52044","post","type-post","status-publish","format-standard","has-post-thumbnail","hentry","category-informe-politico","tag-buenos-aires"],"_links":{"self":[{"href":"http:\/\/argentinamunicipal.com.ar\/argentina\/wp-json\/wp\/v2\/posts\/52044","targetHints":{"allow":["GET"]}}],"collection":[{"href":"http:\/\/argentinamunicipal.com.ar\/argentina\/wp-json\/wp\/v2\/posts"}],"about":[{"href":"http:\/\/argentinamunicipal.com.ar\/argentina\/wp-json\/wp\/v2\/types\/post"}],"author":[{"embeddable":true,"href":"http:\/\/argentinamunicipal.com.ar\/argentina\/wp-json\/wp\/v2\/users\/2"}],"replies":[{"embeddable":true,"href":"http:\/\/argentinamunicipal.com.ar\/argentina\/wp-json\/wp\/v2\/comments?post=52044"}],"version-history":[{"count":0,"href":"http:\/\/argentinamunicipal.com.ar\/argentina\/wp-json\/wp\/v2\/posts\/52044\/revisions"}],"wp:featuredmedia":[{"embeddable":true,"href":"http:\/\/argentinamunicipal.com.ar\/argentina\/wp-json\/wp\/v2\/media\/52045"}],"wp:attachment":[{"href":"http:\/\/argentinamunicipal.com.ar\/argentina\/wp-json\/wp\/v2\/media?parent=52044"}],"wp:term":[{"taxonomy":"category","embeddable":true,"href":"http:\/\/argentinamunicipal.com.ar\/argentina\/wp-json\/wp\/v2\/categories?post=52044"},{"taxonomy":"post_tag","embeddable":true,"href":"http:\/\/argentinamunicipal.com.ar\/argentina\/wp-json\/wp\/v2\/tags?post=52044"}],"curies":[{"name":"wp","href":"https:\/\/api.w.org\/{rel}","templated":true}]}}