{"id":52053,"date":"2016-08-10T07:28:30","date_gmt":"2016-08-10T10:28:30","guid":{"rendered":"http:\/\/argentinamunicipal.com.ar\/argentina\/?p=52053"},"modified":"2016-08-10T07:28:30","modified_gmt":"2016-08-10T10:28:30","slug":"las-cifras-oficiales-hoteleros-carlos-paz-afirman-la-ocupacion-fue-baja","status":"publish","type":"post","link":"http:\/\/argentinamunicipal.com.ar\/argentina\/las-cifras-oficiales-hoteleros-carlos-paz-afirman-la-ocupacion-fue-baja\/","title":{"rendered":"Contra las cifras oficiales, hoteleros de Carlos Paz afirman que la ocupaci\u00f3n fue baja"},"content":{"rendered":"<p>Aseguran que el pico de julio estuvo cerca del 50 por ciento en el mejor \u00abfinde\u00bb, pero que no se registr\u00f3 un promedio superior a ese en todo el mes, como indicaron funcionaros de Turismo.<\/p>\n<p>No es la primera vez y vuelve a repetirse la escena: los balances de ocupaci\u00f3n y actividad tur\u00edstica no coinciden entre los n\u00fameros que hacen los funcionarios de Turismo de municipios o la Provincia, y la apreciaci\u00f3n de los operadores privados.<\/p>\n<p>En Villa Carlos Paz, la Asociaci\u00f3n Hotelera y Gastron\u00f3mica asegura ahora que relev\u00f3 m\u00e1s de 50 establecimientos y concluy\u00f3 que la ocupaci\u00f3n durante las vacaciones de julio fue \u00abmuy baja\u00bb, casi tanto como en el invierno anterior.<\/p>\n<p>El informe entregado este lunes concluy\u00f3 que \u00abla ocupaci\u00f3n hotelera en general rond\u00f3 niveles muy bajos\u00bb, aunque no siendo igual para todos los establecimientos.<\/p>\n<p>\u00abEste a\u00f1o hubo un fin de semana largo, del 8 al 10 de julio, que apenas super\u00f3 el 49 por ciento de ocupaci\u00f3n (por plazas) promedio, si bien se evidenci\u00f3 un importante movimiento de gente en el centro de la ciudad, p\u00fablico de C\u00f3rdoba en su mayor\u00eda, que no realizaron grandes gastos, como lo manifestaran los comerciantes de Villa Carlos Paz\u00bb, se\u00f1al\u00f3 la entidad.<\/p>\n<p>\u00abDespu\u00e9s de ese fin de semana los dem\u00e1s d\u00edas del mes en general no pudieron superar en promedio el 30 por ciento de ocupaci\u00f3n. Si bien las vacaciones de julio no son nuestro fuerte, a\u00f1os atr\u00e1s llegamos a tener un porcentaje de ocupaci\u00f3n m\u00e1s alto\u00bb, agregaron.<\/p>\n<p>De todos modos, los privados admiten que los n\u00fameros de este invierno fueron algo superiores a los tambi\u00e9n flojos del a\u00f1o anterior: en plazas ocupadas este julio fue del 31,73 por ciento, mientras que en 2015 fue del 29,31, precisaron.<\/p>\n<p>Desde Turismo del municipio se hab\u00eda deslizado que la ocupaci\u00f3n promedio hab\u00eda rondado el 50 por ciento en las tres semanas de vacaciones, y desde la Agencia C\u00f3rdoba Turimso se elev\u00f3 esa cifra hacia m\u00e1s del 60 para Carlos Paz.<\/p>\n<p><strong>Tarifas y costos<\/strong><\/p>\n<p>Desde la entidad empresaria remasrcan adem\u00e1s que con las tarifas aplicadas \u00a0para no perder competividad y sin ajustar seg\u00fan la inflaci\u00f3n, la rentabailidad del sector se revela ya como nula o hasta negativa.<\/p>\n<p>\u00abCuando hablamos de la recuperaci\u00f3n de la rentabilidad del sector, hacemos referencia al retorno que permite el mantenimiento de los establecimientos, la capacidad de ampliaci\u00f3n, de mejora en la calidad de servicios, de su recategorizaci\u00f3n y como consecuencia de ello la ampliaci\u00f3n de los equipos de trabajo, la mejora en las condiciones salariales de los empleados y dem\u00e1s efectos cascada que el sector tur\u00edstico derrama en nuestra ciudad cuya definici\u00f3n en su Carta Org\u00e1nica hace referencia a su calidad de tal\u00bb. se\u00f1ala el documento de la Asociaci\u00f3n Hotelera local.<\/p>\n<h6>Fuente: La Voz del Interior<\/h6>\n","protected":false},"excerpt":{"rendered":"<p>Aseguran que el pico de julio estuvo cerca del 50 por ciento en el mejor \u00abfinde\u00bb, pero que no se registr\u00f3 un promedio superior a ese en todo el mes, como indicaron funcionaros de Turismo.<\/p>\n","protected":false},"author":2,"featured_media":52054,"comment_status":"closed","ping_status":"closed","sticky":false,"template":"","format":"standard","meta":{"footnotes":""},"categories":[2],"tags":[3],"class_list":["post-52053","post","type-post","status-publish","format-standard","has-post-thumbnail","hentry","category-informe-municipal","tag-cordoba"],"_links":{"self":[{"href":"http:\/\/argentinamunicipal.com.ar\/argentina\/wp-json\/wp\/v2\/posts\/52053","targetHints":{"allow":["GET"]}}],"collection":[{"href":"http:\/\/argentinamunicipal.com.ar\/argentina\/wp-json\/wp\/v2\/posts"}],"about":[{"href":"http:\/\/argentinamunicipal.com.ar\/argentina\/wp-json\/wp\/v2\/types\/post"}],"author":[{"embeddable":true,"href":"http:\/\/argentinamunicipal.com.ar\/argentina\/wp-json\/wp\/v2\/users\/2"}],"replies":[{"embeddable":true,"href":"http:\/\/argentinamunicipal.com.ar\/argentina\/wp-json\/wp\/v2\/comments?post=52053"}],"version-history":[{"count":0,"href":"http:\/\/argentinamunicipal.com.ar\/argentina\/wp-json\/wp\/v2\/posts\/52053\/revisions"}],"wp:featuredmedia":[{"embeddable":true,"href":"http:\/\/argentinamunicipal.com.ar\/argentina\/wp-json\/wp\/v2\/media\/52054"}],"wp:attachment":[{"href":"http:\/\/argentinamunicipal.com.ar\/argentina\/wp-json\/wp\/v2\/media?parent=52053"}],"wp:term":[{"taxonomy":"category","embeddable":true,"href":"http:\/\/argentinamunicipal.com.ar\/argentina\/wp-json\/wp\/v2\/categories?post=52053"},{"taxonomy":"post_tag","embeddable":true,"href":"http:\/\/argentinamunicipal.com.ar\/argentina\/wp-json\/wp\/v2\/tags?post=52053"}],"curies":[{"name":"wp","href":"https:\/\/api.w.org\/{rel}","templated":true}]}}