{"id":52056,"date":"2016-08-10T07:33:28","date_gmt":"2016-08-10T10:33:28","guid":{"rendered":"http:\/\/argentinamunicipal.com.ar\/argentina\/?p=52056"},"modified":"2016-08-10T07:33:28","modified_gmt":"2016-08-10T10:33:28","slug":"santa-fe-dia-municipal-trabajo-infantil","status":"publish","type":"post","link":"http:\/\/argentinamunicipal.com.ar\/argentina\/santa-fe-dia-municipal-trabajo-infantil\/","title":{"rendered":"Santa Fe: D\u00eda Municipal contra el Trabajo Infantil"},"content":{"rendered":"<p>El Bloque de concejales del FPCyS comunica con agrado que se convirti\u00f3 en Ordenanza una propuesta del Bloque que establece que cada 12 de junio se recuerde el \u00abD\u00eda Municipal contra el Trabajo Infantil\u00bb.<\/p>\n<p>La norma lleva como n\u00famero el 7847 y en sus art\u00edculos 3 y 4 se establece que el Departamento Ejecutivo Municipal ser\u00e1 el encargado de fomentar, \u00a0a trav\u00e9s de la Secretaria que corresponda, \u00a0el desarrollo de actividades que difundan y promuevan la erradicaci\u00f3n del trabajo infantil. Asimismo llevar\u00e1 adelante \u00a0campa\u00f1as de concientizaci\u00f3n durante el transcurso de todo el a\u00f1o.<\/p>\n<p>Dichas campa\u00f1as deber\u00e1n desarrollarse principalmente en escuelas, \u00a0y actividades multitudinarias, garantizando la m\u00e1xima difusi\u00f3n y tendr\u00e1n por objetivo principal acrecentar la concientizaci\u00f3n respecto de la importancia de erradicar el trabajo infantil y de las consecuencias nocivas \u00a0que el mismo \u00a0implica \u00a0para los ni\u00f1os.<\/p>\n<h6>Fuente: sin Mordaza<\/h6>\n","protected":false},"excerpt":{"rendered":"<p>El Bloque de concejales del FPCyS comunica con agrado que se convirti\u00f3 en Ordenanza una propuesta del Bloque que establece que cada 12 de junio se recuerde el \u00abD\u00eda Municipal contra el Trabajo Infantil\u00bb.<\/p>\n","protected":false},"author":2,"featured_media":52057,"comment_status":"closed","ping_status":"closed","sticky":false,"template":"","format":"standard","meta":{"footnotes":""},"categories":[2],"tags":[10],"class_list":["post-52056","post","type-post","status-publish","format-standard","has-post-thumbnail","hentry","category-informe-municipal","tag-santa-fe"],"_links":{"self":[{"href":"http:\/\/argentinamunicipal.com.ar\/argentina\/wp-json\/wp\/v2\/posts\/52056","targetHints":{"allow":["GET"]}}],"collection":[{"href":"http:\/\/argentinamunicipal.com.ar\/argentina\/wp-json\/wp\/v2\/posts"}],"about":[{"href":"http:\/\/argentinamunicipal.com.ar\/argentina\/wp-json\/wp\/v2\/types\/post"}],"author":[{"embeddable":true,"href":"http:\/\/argentinamunicipal.com.ar\/argentina\/wp-json\/wp\/v2\/users\/2"}],"replies":[{"embeddable":true,"href":"http:\/\/argentinamunicipal.com.ar\/argentina\/wp-json\/wp\/v2\/comments?post=52056"}],"version-history":[{"count":0,"href":"http:\/\/argentinamunicipal.com.ar\/argentina\/wp-json\/wp\/v2\/posts\/52056\/revisions"}],"wp:featuredmedia":[{"embeddable":true,"href":"http:\/\/argentinamunicipal.com.ar\/argentina\/wp-json\/wp\/v2\/media\/52057"}],"wp:attachment":[{"href":"http:\/\/argentinamunicipal.com.ar\/argentina\/wp-json\/wp\/v2\/media?parent=52056"}],"wp:term":[{"taxonomy":"category","embeddable":true,"href":"http:\/\/argentinamunicipal.com.ar\/argentina\/wp-json\/wp\/v2\/categories?post=52056"},{"taxonomy":"post_tag","embeddable":true,"href":"http:\/\/argentinamunicipal.com.ar\/argentina\/wp-json\/wp\/v2\/tags?post=52056"}],"curies":[{"name":"wp","href":"https:\/\/api.w.org\/{rel}","templated":true}]}}