{"id":52073,"date":"2016-08-10T08:06:52","date_gmt":"2016-08-10T11:06:52","guid":{"rendered":"http:\/\/argentinamunicipal.com.ar\/argentina\/?p=52073"},"modified":"2016-08-10T08:06:52","modified_gmt":"2016-08-10T11:06:52","slug":"ejecutivo-anuncio-la-municipalizacion-del-cine-wilde","status":"publish","type":"post","link":"http:\/\/argentinamunicipal.com.ar\/argentina\/ejecutivo-anuncio-la-municipalizacion-del-cine-wilde\/","title":{"rendered":"El Ejecutivo anunci\u00f3 la municipalizaci\u00f3n del Cine Wilde"},"content":{"rendered":"<p>Seg\u00fan difundieron, esta decisi\u00f3n se enmarca en \u201cel objetivo de tener un Estado presente y activo en la gesti\u00f3n cultural\u201d.<\/p>\n<p>Seg\u00fan explicaron desde la Comuna, la medida tiene como objetivo \u201cgarantizar la gratuidad completa de todas las actividades\u201d. De esta manera, se suma al Teatro Roma, el Centro Municipal de Arte, el Auditorio Rodr\u00edguez Faur\u00e9 y el Centro Cultural Carlos N\u00fa\u00f1ez.<\/p>\n<p>El Municipio de Avellaneda anunci\u00f3 la municipalizaci\u00f3n del Cine Wilde y asegur\u00f3 que la medida tiene como objetivo \u201cgarantizar la gratuidad de todas las actividades y sumar nuevos talleres\u201d.<\/p>\n<p>Explicaron que con esta decisi\u00f3n, el espacio contin\u00faa con su programaci\u00f3n y -adem\u00e1s- la sala se incorpora formalmente a la red local de espacios culturales, con el objetivo de fortalecer su inserci\u00f3n en la comunidad y ampliar la oferta art\u00edstica y de capacitaci\u00f3n. \u201cLa Municipalidad de Avellaneda ha incorporado al Cine Wilde a su amplia red de espacios culturales, que incluye al Teatro Roma, el Centro Municipal de Arte, el Auditorio Rodr\u00edguez Faur\u00e9, el Centro Cultural Carlos N\u00fa\u00f1ez, los Institutos de ense\u00f1anza art\u00edstica, adem\u00e1s de las plazas y anfiteatros que ofrecen ciclos art\u00edsticos a cielo abierto\u201d, indicaron.<\/p>\n<p>Seg\u00fan difundieron, esta decisi\u00f3n se enmarca en \u201cel objetivo de tener un Estado presente y activo en la gesti\u00f3n cultural\u201d. \u201cEl espacio se va fortalecer y se va a ampliar su oferta cultural, adem\u00e1s de garantizar la gratuidad de sus actividades\u201d, precisaron desde elEjecutivo.<\/p>\n<p>\u201cEl Cine Wilde tiene una clara funci\u00f3n comunitaria, rescatando el esp\u00edritu del cine de barrio pero con un definido enfoque social. Con esta municipalizaci\u00f3n crecer\u00e1 la oferta de talleres de capacitaci\u00f3n en oficios, deportes y de formaci\u00f3n art\u00edstica, a partir del trabajo combinado con las diferentes \u00e1reas municipales dedicadas a esa tarea\u201d, puntualizaron.<\/p>\n<h6>Fuente: InfoRegi\u00f3n<\/h6>\n","protected":false},"excerpt":{"rendered":"<p>Seg\u00fan difundieron, esta decisi\u00f3n se enmarca en \u201cel objetivo de tener un Estado presente y activo en la gesti\u00f3n cultural\u201d.<\/p>\n","protected":false},"author":2,"featured_media":52074,"comment_status":"closed","ping_status":"closed","sticky":false,"template":"","format":"standard","meta":{"footnotes":""},"categories":[2],"tags":[12],"class_list":["post-52073","post","type-post","status-publish","format-standard","has-post-thumbnail","hentry","category-informe-municipal","tag-buenos-aires"],"_links":{"self":[{"href":"http:\/\/argentinamunicipal.com.ar\/argentina\/wp-json\/wp\/v2\/posts\/52073","targetHints":{"allow":["GET"]}}],"collection":[{"href":"http:\/\/argentinamunicipal.com.ar\/argentina\/wp-json\/wp\/v2\/posts"}],"about":[{"href":"http:\/\/argentinamunicipal.com.ar\/argentina\/wp-json\/wp\/v2\/types\/post"}],"author":[{"embeddable":true,"href":"http:\/\/argentinamunicipal.com.ar\/argentina\/wp-json\/wp\/v2\/users\/2"}],"replies":[{"embeddable":true,"href":"http:\/\/argentinamunicipal.com.ar\/argentina\/wp-json\/wp\/v2\/comments?post=52073"}],"version-history":[{"count":0,"href":"http:\/\/argentinamunicipal.com.ar\/argentina\/wp-json\/wp\/v2\/posts\/52073\/revisions"}],"wp:featuredmedia":[{"embeddable":true,"href":"http:\/\/argentinamunicipal.com.ar\/argentina\/wp-json\/wp\/v2\/media\/52074"}],"wp:attachment":[{"href":"http:\/\/argentinamunicipal.com.ar\/argentina\/wp-json\/wp\/v2\/media?parent=52073"}],"wp:term":[{"taxonomy":"category","embeddable":true,"href":"http:\/\/argentinamunicipal.com.ar\/argentina\/wp-json\/wp\/v2\/categories?post=52073"},{"taxonomy":"post_tag","embeddable":true,"href":"http:\/\/argentinamunicipal.com.ar\/argentina\/wp-json\/wp\/v2\/tags?post=52073"}],"curies":[{"name":"wp","href":"https:\/\/api.w.org\/{rel}","templated":true}]}}