{"id":52076,"date":"2016-08-10T08:27:51","date_gmt":"2016-08-10T11:27:51","guid":{"rendered":"http:\/\/argentinamunicipal.com.ar\/argentina\/?p=52076"},"modified":"2016-08-10T08:27:51","modified_gmt":"2016-08-10T11:27:51","slug":"ano-las-paritarias-quedaron-atras","status":"publish","type":"post","link":"http:\/\/argentinamunicipal.com.ar\/argentina\/ano-las-paritarias-quedaron-atras\/","title":{"rendered":"El a\u00f1o en que las paritarias quedaron atr\u00e1s"},"content":{"rendered":"<p>Un estudio del centro de investigaci\u00f3n de la CTA estim\u00f3 una p\u00e9rdida de 12 puntos entre el salario y la inflaci\u00f3n en el primer semestre. Pero s\u00f3lo para el sector privado registrado, ya que al tomar a trabajadores y a los no registrados, el c\u00e1lculo dar\u00eda mucho peor.<\/p>\n<p>Las medidas econ\u00f3micas implementadas hasta el momento por el gobierno no s\u00f3lo generaron una masiva ola de despidos, que ya se cobr\u00f3 casi 200 mil puestos de trabajo registrados en lo que va del a\u00f1o, sino tambi\u00e9n una importante p\u00e9rdida en el poder adquisitivo del salario de los que todav\u00eda mantienen su empleo. \u201cDurante el primer semestre la reducci\u00f3n del salario real de los trabajadores registrados del sector privado alcanz\u00f3 al 12 por ciento, lo cual permite asumir que el impacto en los ingresos de los asalariados no registrados fue significativamente mayor\u201d, seg\u00fan el informe del Centro de Investigaci\u00f3n y Formaci\u00f3n de la Rep\u00fablica Argentina (Cifra). S\u00f3lo en el primer semestre la inflaci\u00f3n acumulada se ubic\u00f3 en un 26 por ciento. El departamento de estudios de la CTA advierte que ninguno de los convenios colectivos acordados por los sindicatos alcanz\u00f3 la inflaci\u00f3n estimada para este a\u00f1o, que rondar\u00e1 el 45 por ciento, el nivel m\u00e1s alto de las \u00faltimas tres d\u00e9cadas.<\/p>\n<p>\u201cTanto la devaluaci\u00f3n como la quita de retenciones y el tarifazo en los servicios p\u00fablicos (a\u00fan inconcluso) provocaron el nivel de inflaci\u00f3n m\u00e1s significativo desde la hiperinflaci\u00f3n de 1989, la variaci\u00f3n de precios esperada es del 45 por ciento anual y no del 25 por ciento como hab\u00eda sostenido el gobierno al comienzo de su gesti\u00f3n\u201d, se\u00f1ala el informe que elabor\u00f3 el equipo de investigaci\u00f3n que componen Nicol\u00e1s Arceo, Mariano Barrera y Pablo Manzanelli. En tanto, las discusiones salariales a principio de a\u00f1o se ubicaron m\u00e1s cerca del 30 por ciento anual. \u201cAs\u00ed las paritarias acordadas permitir\u00e1n recuperar s\u00f3lo parcialmente la contracci\u00f3n del salario acontecida durante el primer semestre del a\u00f1o\u201d, explicaron.<\/p>\n<p>El informe se\u00f1ala que la inflaci\u00f3n acumulada en el primer semestre supera holgadamente el 26 por ciento. \u201cSi bien es posible que se desacelere durante el segundo semestre, el promedio anual en 2016 se ubicar\u00e1 entre 43,9 y 45,4 por ciento respecto a 2015, a\u00f1o en que el incremento de precios se hab\u00eda reducido a 26,5 por ciento\u201d, advierte. De todos modos, todav\u00eda resta que se trasladen todos los incrementos en los costos a los precios finales al consumidor y que se definan los porcentajes de aumentos de los servicios p\u00fablicos. \u201cSi bien el Gobierno comunic\u00f3 que no se producir\u00e1n nuevos incrementos en las tarifas durante el segundo semestre, se est\u00e1n autorizando aumentos en diversos servicios regulados\u201d, agrega el informe de Cifra.<\/p>\n<p>En este contexto, pese a que a\u00fan quedan cuotas pendientes de los aumentos escalonados, \u00e9stas no alcanzar\u00e1n para cerrar el a\u00f1o al menos equiparando la inflaci\u00f3n. \u201cEn el escenario m\u00ednimo de inflaci\u00f3n (43,9 por ciento) estimada se prev\u00e9 que el salario real se reduzca 4,3 por ciento en diciembre de 2016 respecto al mismo mes del a\u00f1o anterior. Pero si se eval\u00faa el escenario de mayor inflaci\u00f3n (45,4 por ciento) el salario real puede descender hasta 7,1 por ciento en el mismo per\u00edodo\u201d, destacan los economistas de la central sindical. Si se toma el aumento salarial promedio para el transcurso de 2016, la p\u00e9rdida de poder adquisitivo se ubicar\u00e1 entre 5,3 y 7 por ciento interanual. Estos n\u00fameros justifican el reclamo de la mayor\u00eda de los sindicatos para que se reabra la discusi\u00f3n salarial y se revisen los porcentajes.<\/p>\n<p>Cifra no prev\u00e9 un repunte en el consumo para la segunda mitad de este a\u00f1o. La p\u00e9rdida de poder adquisitivo de los hogares se est\u00e1 reflejando en los niveles de consumo. En junio \u00faltimo, las ventas minoristas registradas por C\u00e1mara Argentina de la Mediana Empresa (CAME) se redujeron 9,8 por ciento, con una contracci\u00f3n de 6,4 por ciento en el consumo acumulado del primer semestre respecto del mismo per\u00edodo del a\u00f1o pasado. Las ventas en supermercados relevados por el Indec cayeron en t\u00e9rminos reales un 13,5 por ciento en mayo, acumulando una reducci\u00f3n del 30 por ciento desde diciembre. En los centros de compras, cayeron 16,2 por ciento en abril y acumulan una ca\u00edda del 44,7 por ciento en lo que va del a\u00f1o. Esa contracci\u00f3n de mercado interno es la que el gobierno pretende utilizar como ancla de precios, pero s\u00f3lo refleja la imposibilidad de cualquier recuperaci\u00f3n econ\u00f3mica y del poder adquisitivo.<\/p>\n<p>El informe tambi\u00e9n destaca la destrucci\u00f3n de puestos de trabajo, que estim\u00f3 en 128.400 entre noviembre y mayo \u00faltimos. El dato se complementa con la estimaci\u00f3n que realiz\u00f3 el Centro de Econom\u00eda Pol\u00edtica Argentina (CEPA), la cual da cuenta de 194 mil despidos, de los cuales 128 mil correspondieron al sector privado. \u201cVale remarcar que este indicador no toma en consideraci\u00f3n ni el empleo p\u00fablico ni el informal. Por lo tanto, en el marco de las medidas adoptadas en materia de empleo p\u00fablico y la sensibilidad del empleo informal ante fases recesivas, es probable que se registre una mayor contracci\u00f3n en el nivel agregado de empleo\u201d, destaca el informe de CTA. La principal destrucci\u00f3n de puestos de trabajo estuvo vinculada con la producci\u00f3n de bienes y la construcci\u00f3n, debido a la falta de inversiones en dos sectores clave para la evoluci\u00f3n econ\u00f3mica.<\/p>\n<h6>Fuente: P\u00e1gina 12<\/h6>\n","protected":false},"excerpt":{"rendered":"<p>Un estudio del centro de investigaci\u00f3n de la CTA estim\u00f3 una p\u00e9rdida de 12 puntos entre el salario y la inflaci\u00f3n en el primer semestre. Pero s\u00f3lo para el sector privado registrado, ya que al tomar a trabajadores y a los no registrados, el c\u00e1lculo dar\u00eda mucho peor.<\/p>\n","protected":false},"author":2,"featured_media":52077,"comment_status":"closed","ping_status":"closed","sticky":false,"template":"","format":"standard","meta":{"footnotes":""},"categories":[8],"tags":[21],"class_list":["post-52076","post","type-post","status-publish","format-standard","has-post-thumbnail","hentry","category-informe-nacional","tag-argentina"],"_links":{"self":[{"href":"http:\/\/argentinamunicipal.com.ar\/argentina\/wp-json\/wp\/v2\/posts\/52076","targetHints":{"allow":["GET"]}}],"collection":[{"href":"http:\/\/argentinamunicipal.com.ar\/argentina\/wp-json\/wp\/v2\/posts"}],"about":[{"href":"http:\/\/argentinamunicipal.com.ar\/argentina\/wp-json\/wp\/v2\/types\/post"}],"author":[{"embeddable":true,"href":"http:\/\/argentinamunicipal.com.ar\/argentina\/wp-json\/wp\/v2\/users\/2"}],"replies":[{"embeddable":true,"href":"http:\/\/argentinamunicipal.com.ar\/argentina\/wp-json\/wp\/v2\/comments?post=52076"}],"version-history":[{"count":0,"href":"http:\/\/argentinamunicipal.com.ar\/argentina\/wp-json\/wp\/v2\/posts\/52076\/revisions"}],"wp:featuredmedia":[{"embeddable":true,"href":"http:\/\/argentinamunicipal.com.ar\/argentina\/wp-json\/wp\/v2\/media\/52077"}],"wp:attachment":[{"href":"http:\/\/argentinamunicipal.com.ar\/argentina\/wp-json\/wp\/v2\/media?parent=52076"}],"wp:term":[{"taxonomy":"category","embeddable":true,"href":"http:\/\/argentinamunicipal.com.ar\/argentina\/wp-json\/wp\/v2\/categories?post=52076"},{"taxonomy":"post_tag","embeddable":true,"href":"http:\/\/argentinamunicipal.com.ar\/argentina\/wp-json\/wp\/v2\/tags?post=52076"}],"curies":[{"name":"wp","href":"https:\/\/api.w.org\/{rel}","templated":true}]}}