{"id":52098,"date":"2016-08-10T06:51:56","date_gmt":"2016-08-10T09:51:56","guid":{"rendered":"http:\/\/argentinamunicipal.com.ar\/argentina\/?p=52098"},"modified":"2016-08-10T08:55:10","modified_gmt":"2016-08-10T11:55:10","slug":"aseguran-ya-se-perdieron-unos-600-empleos-las-pymes-petroleras","status":"publish","type":"post","link":"http:\/\/argentinamunicipal.com.ar\/argentina\/aseguran-ya-se-perdieron-unos-600-empleos-las-pymes-petroleras\/","title":{"rendered":"Aseguran que ya se perdieron unos 600 empleos en las Pymes petroleras"},"content":{"rendered":"<p>Desde la CEIPA temen que siga desafectando a trabajadores del sector.<\/p>\n<p>El Secretario de la C\u00e1mara Empresaria, Industrial, Petrolera y Afines (CEIPA), Ricardo Celi, reiter\u00f3 que est\u00e1n pasando por un momento de \u201cangustia y zozobra\u201d debido a la situaci\u00f3n por la que est\u00e1 atravesando el sector petrolero. \u201cHan quedado desafectados unas 600 personas y otro n\u00famero similar est\u00e1 al borde de quedar desafectado\u201d, estim\u00f3 Celi en di\u00e1logo con LU5, aunque aclar\u00f3 que no contaba con la informaci\u00f3n precisa.<\/p>\n<p>Dijo que la coyuntura no se ha modificado en estas \u00faltimas semanas y que est\u00e1n sobrellevando una \u201csituaci\u00f3n compleja, dif\u00edcil redireccionar a YPF, que es el mayor referente y el que marca el pulso de la actividad\u201d.<\/p>\n<p>Celi record\u00f3 que con el tema de los telegramas de despido est\u00e1n hace m\u00e1s de ocho meses \u201cHemos enviado, luego se han retrotra\u00eddo a trav\u00e9s de una mesa de di\u00e1logo. Pero ahora estamos con los telegramas en marcha, de forma definitiva porque no tenemos los recursos para sostenerlos (empleos)\u201d, a\u00f1adi\u00f3 el referente de la CEIPA.<\/p>\n<p>Si bien se lament\u00f3 por esta circunstancia dijo que \u201cno tenemos diferencia con el trabajador y que tenga que bajar la nomina representa que la empresa desaparece, estamos desapareciendo el 50%\u201d.<\/p>\n<p>Indic\u00f3 que la preocupaci\u00f3n radica en que, de cara a fin de a\u00f1o, no vislumbran que se reactiven las actividades y planificaciones.<\/p>\n<p>\u201cA noviembre, no va a haber actividad. Estamos desahuciados, con angustia y zozobra porque no sabemos qu\u00e9 hacer. No teneos tanta espalda para soportar estructura con tan poco trabajo\u201d, se lament\u00f3.<\/p>\n<p>No se anim\u00f3 a calcular cu\u00e1ntas Pymes quedar\u00e1n en el camino pero adelant\u00f3 que \u201cmuchas de ellas est\u00e1n redireccionando su trabajo hacia otros rubros\u201d.<\/p>\n<p>E indic\u00f3 que \u201ces muy grave la situaci\u00f3n\u201d y se esperanz\u00f3 en que surja alguna soluci\u00f3n de la mesa integrada por el Gobierno nacional, las operadoras y el sindicato.<\/p>\n<p>Y que aguardar\u00e1n el resultado de unas reuniones que tendr\u00e1n el jueves y el viernes para tener un panorama certero de cara al segundo semestre del a\u00f1o.<\/p>\n<h6>Fuente: La Ma\u00f1ana Neuqu\u00e9n<\/h6>\n","protected":false},"excerpt":{"rendered":"<p>Desde la CEIPA temen que siga desafectando a trabajadores del sector.<\/p>\n","protected":false},"author":2,"featured_media":52099,"comment_status":"closed","ping_status":"closed","sticky":false,"template":"","format":"standard","meta":{"footnotes":""},"categories":[8],"tags":[21],"class_list":["post-52098","post","type-post","status-publish","format-standard","has-post-thumbnail","hentry","category-informe-nacional","tag-argentina"],"_links":{"self":[{"href":"http:\/\/argentinamunicipal.com.ar\/argentina\/wp-json\/wp\/v2\/posts\/52098","targetHints":{"allow":["GET"]}}],"collection":[{"href":"http:\/\/argentinamunicipal.com.ar\/argentina\/wp-json\/wp\/v2\/posts"}],"about":[{"href":"http:\/\/argentinamunicipal.com.ar\/argentina\/wp-json\/wp\/v2\/types\/post"}],"author":[{"embeddable":true,"href":"http:\/\/argentinamunicipal.com.ar\/argentina\/wp-json\/wp\/v2\/users\/2"}],"replies":[{"embeddable":true,"href":"http:\/\/argentinamunicipal.com.ar\/argentina\/wp-json\/wp\/v2\/comments?post=52098"}],"version-history":[{"count":0,"href":"http:\/\/argentinamunicipal.com.ar\/argentina\/wp-json\/wp\/v2\/posts\/52098\/revisions"}],"wp:featuredmedia":[{"embeddable":true,"href":"http:\/\/argentinamunicipal.com.ar\/argentina\/wp-json\/wp\/v2\/media\/52099"}],"wp:attachment":[{"href":"http:\/\/argentinamunicipal.com.ar\/argentina\/wp-json\/wp\/v2\/media?parent=52098"}],"wp:term":[{"taxonomy":"category","embeddable":true,"href":"http:\/\/argentinamunicipal.com.ar\/argentina\/wp-json\/wp\/v2\/categories?post=52098"},{"taxonomy":"post_tag","embeddable":true,"href":"http:\/\/argentinamunicipal.com.ar\/argentina\/wp-json\/wp\/v2\/tags?post=52098"}],"curies":[{"name":"wp","href":"https:\/\/api.w.org\/{rel}","templated":true}]}}