{"id":52105,"date":"2016-08-10T05:59:38","date_gmt":"2016-08-10T08:59:38","guid":{"rendered":"http:\/\/argentinamunicipal.com.ar\/argentina\/?p=52105"},"modified":"2016-08-10T09:02:41","modified_gmt":"2016-08-10T12:02:41","slug":"mar-del-plata-aseguran-sigue-sin-definiciones-futuro-la-hemeroteca-municipal","status":"publish","type":"post","link":"http:\/\/argentinamunicipal.com.ar\/argentina\/mar-del-plata-aseguran-sigue-sin-definiciones-futuro-la-hemeroteca-municipal\/","title":{"rendered":"Mar del Plata: Aseguran que sigue sin definiciones el futuro de la Hemeroteca Municipal"},"content":{"rendered":"<p>En una reuni\u00f3n con miembros de la Asociaci\u00f3n Amigos de ese espacio y defensores del pueblo se hab\u00edan comprometido a gestionar un lugar en el Museo MAR para unificar la colecci\u00f3n de diarios y reabrir el servicio, pero pasaron dos semanas y ni siquiera firmaron el acta del encuentro. Denuncian que \u00abcontin\u00faa inhibido\u00bb el acceso de la poblaci\u00f3n a la informaci\u00f3n.<\/p>\n<p>Con el fin de encontrar una soluci\u00f3n al cierre de la Hemeroteca Municipal se realiz\u00f3 hace dos semanas una reuni\u00f3n entre la Secretar\u00eda de Cultura, Silvana Rojas, los defensores del pueblo Fernando Rizzi y Fernando Cuesta y los miembros de la Asociaci\u00f3n Amigos de este espacio. En esa reuni\u00f3n, Rojas y otros funcionarios de Cultura se comprometieron a gestionar un lugar para que el servicio se restituya en lo inmediato, pero todav\u00eda ni siquiera firmaron el acta del encuentro.<\/p>\n<p>La Hemeroteca P\u00fablica Municipal est\u00e1 cerrada desde el pasado 6 de junio, cuando la actual gesti\u00f3n dispuso que se embalaran los ejemplares de los diarios con el fin de trasladarlos, ya que era necesario desocupar el edificio en el que funcionaba el servicio, ubicado en 9 de Julio 2717. Por esta situaci\u00f3n, los miembros de la Asociaci\u00f3n Amigos que encabeza el reconocido periodista Mario Trucco, y los defensores del pueblo asistieron al encuentro el pasado 21 de julio en donde fueron recibidos por la titular del \u00e1rea, los directores de Cultura Adri\u00e1n Alvarez y Mar\u00eda Paz de Le\u00f3n y el jefe de departamento de Organismos Art\u00edsticos -de la planta administrativa de Cultura-, Roberto Cer\u00e1bolo.<\/p>\n<p>Esta reuni\u00f3n se dio luego de que los medios de comunicaci\u00f3n locales se hicieran eco del estado ruinoso en que se encuentra la Hemeroteca y, de este modo, se llev\u00f3 a cabo una sesi\u00f3n extraordinaria de la Asociaci\u00f3n, donde se conform\u00f3 el qu\u00f3rum reglamentario de dicha entidad.<\/p>\n<p>\u201cLa rese\u00f1a de lo acordado en el encuentro qued\u00f3 registrada en un acta y fue rubricada por el 60% de los asistentes en tiempo y forma, es decir, los miembros de la ONG, as\u00ed como Rizzi y Cuesta, pero los funcionarios de la Secretar\u00eda de Cultura contin\u00faan dilatando su firma incumpliendo as\u00ed el compromiso asumido y desconociendo mecanismos legales y administrativos formales\u201d, indicaron desde la asociaci\u00f3n.<\/p>\n<p>Seg\u00fan apuntan, \u201cla excusa esgrimida en primera instancia para demorar la firma del documento fue que el agente encargado de llevar y traer la papeler\u00eda oficial no se hab\u00eda presentado en la Mesa de Entrada de la Direcci\u00f3n de Bibliotecas. Sin embargo, en horas del mediod\u00eda del viernes 29 de julio, la presencia de Trucco en esa dependencia municipal coincidi\u00f3 con la llegada del personal de enlace entre las diferentes oficinas, quien anunci\u00f3 que s\u00f3lo hab\u00eda sido requerido por las autoridades para trasladar una serie de contratos, pero no ten\u00eda entre sus registros el acta en cuesti\u00f3n\u201d.<\/p>\n<p>En este sentido, Trucco record\u00f3 que \u201cla gesti\u00f3n anterior hab\u00eda utilizado el mismo ardid\u201d. Sostuvo que \u201cen esta ocasi\u00f3n, y bajo otro signo pol\u00edtico, se manifiesta el mismo accionar oprobioso de los funcionarios, dado que oportunamente hab\u00edan prometido unificar y trasladar las colecciones de diarios al Museo MAR en el t\u00e9rmino de un mes, para que se pudiera brindar el servicio al p\u00fablico mientras se constru\u00eda un edificio propio para la Hemeroteca en los terrenos aleda\u00f1os\u201d. Sin embargo, \u201cno solamente no avanzaron las gestiones sino que ni siquiera dieron curso al documento surgido de la reuni\u00f3n\u201d.<\/p>\n<p>Desde la Asociaci\u00f3n Amigos expresaron que \u201centre falacias, postergaciones y argumentaciones espurias, los funcionarios no cumplen con su obligaci\u00f3n y contin\u00faa inhibido el derecho de la ciudadan\u00eda de acceder a la informaci\u00f3n\u201d.<\/p>\n<h6>Fuente: La capital Mar del Plata<\/h6>\n","protected":false},"excerpt":{"rendered":"<p>En una reuni\u00f3n con miembros de la Asociaci\u00f3n Amigos de ese espacio y defensores del pueblo se hab\u00edan comprometido a gestionar un lugar en el Museo MAR para unificar la colecci\u00f3n de diarios y reabrir el servicio<\/p>\n","protected":false},"author":2,"featured_media":52106,"comment_status":"closed","ping_status":"closed","sticky":false,"template":"","format":"standard","meta":{"footnotes":""},"categories":[2],"tags":[12],"class_list":["post-52105","post","type-post","status-publish","format-standard","has-post-thumbnail","hentry","category-informe-municipal","tag-buenos-aires"],"_links":{"self":[{"href":"http:\/\/argentinamunicipal.com.ar\/argentina\/wp-json\/wp\/v2\/posts\/52105","targetHints":{"allow":["GET"]}}],"collection":[{"href":"http:\/\/argentinamunicipal.com.ar\/argentina\/wp-json\/wp\/v2\/posts"}],"about":[{"href":"http:\/\/argentinamunicipal.com.ar\/argentina\/wp-json\/wp\/v2\/types\/post"}],"author":[{"embeddable":true,"href":"http:\/\/argentinamunicipal.com.ar\/argentina\/wp-json\/wp\/v2\/users\/2"}],"replies":[{"embeddable":true,"href":"http:\/\/argentinamunicipal.com.ar\/argentina\/wp-json\/wp\/v2\/comments?post=52105"}],"version-history":[{"count":0,"href":"http:\/\/argentinamunicipal.com.ar\/argentina\/wp-json\/wp\/v2\/posts\/52105\/revisions"}],"wp:featuredmedia":[{"embeddable":true,"href":"http:\/\/argentinamunicipal.com.ar\/argentina\/wp-json\/wp\/v2\/media\/52106"}],"wp:attachment":[{"href":"http:\/\/argentinamunicipal.com.ar\/argentina\/wp-json\/wp\/v2\/media?parent=52105"}],"wp:term":[{"taxonomy":"category","embeddable":true,"href":"http:\/\/argentinamunicipal.com.ar\/argentina\/wp-json\/wp\/v2\/categories?post=52105"},{"taxonomy":"post_tag","embeddable":true,"href":"http:\/\/argentinamunicipal.com.ar\/argentina\/wp-json\/wp\/v2\/tags?post=52105"}],"curies":[{"name":"wp","href":"https:\/\/api.w.org\/{rel}","templated":true}]}}