{"id":52124,"date":"2016-08-11T06:56:59","date_gmt":"2016-08-11T09:56:59","guid":{"rendered":"http:\/\/argentinamunicipal.com.ar\/argentina\/?p=52124"},"modified":"2016-08-11T06:56:59","modified_gmt":"2016-08-11T09:56:59","slug":"cordoba-la-escoba-del-esop-barrido-no-tuvo-mejoras","status":"publish","type":"post","link":"http:\/\/argentinamunicipal.com.ar\/argentina\/cordoba-la-escoba-del-esop-barrido-no-tuvo-mejoras\/","title":{"rendered":"C\u00f3rdoba: Con la escoba del Esop, el barrido no tuvo mejoras"},"content":{"rendered":"<p>El ente municipal se hizo cargo del barrido a principios de julio. A m\u00e1s de un mes, la prestaci\u00f3n mantiene las mismas deficiencias. El municipio promete que habr\u00e1 mejoras en los barrios con la incorporaci\u00f3n de nuevo equipamiento. El cauce de La Ca\u00f1ada, sucio.<\/p>\n<p>En 27 de Abril y Ca\u00f1ada, un barrendero amontona con el escobill\u00f3n las colillas de cigarrillo y botellas de pl\u00e1stico en la cuneta. El uniforme es verde oscuro, lleva los logos de la mutual del Surrbac (el sindicato de recolectores), y de Cotreco en la gorra, pese a que hace m\u00e1s de un mes que no es empleado de esa empresa.<\/p>\n<p>El hombre es uno de los 1.154 trabajadores que prestaban el servicio de barrido en las firmas Lusa y Cotreco, y que a partir del 1\u00b0 de julio lo hacen para el Ente de Servicios y Obras P\u00fablicas (Esop), creado por el intendente Ram\u00f3n Mestre bajo la premisa de abaratar costos en los servicios de recolecci\u00f3n de residuos, luego de un fallido proceso licitatorio.<\/p>\n<p>\u201cLa verdad es que todo sigue igual. Bah, a m\u00ed me sumaron un par de cuadras, ahora arranco desde el bulevar San Juan\u201d, coment\u00f3 el barrendero. Y la realidad le da la raz\u00f3n.<\/p>\n<p>La Voz del Interior recorri\u00f3 el \u00e1rea central y barrios donde ayer se deb\u00eda prestar el servicio. Y no se evidenciaron diferencias, ni para bien ni para mal.<\/p>\n<p>En el Centro el barrido se presta con la misma frecuencia y con la misma calidad que con Cotreco. Durante la ma\u00f1ana de ayer, se pudo contabilizar a casi una decena de empleados en la Peatonal.<\/p>\n<p>En Nueva C\u00f3rdoba tambi\u00e9n se pudieron ver bolsas de residuos que los barrenderos dejan apenas finalizada su tarea en la vereda.<\/p>\n<p>En cambio, el cauce del arroyo La Ca\u00f1ada, que antes era limpiado por las prestatarias privadas bajo la denominaci\u00f3n de \u201cservicios especiales de barrido\u201d, aparece ahora con mucha basura.<\/p>\n<p>La calidad del servicio en los barrios sigue siendo entre regular y mala. Como el Esop no tiene p\u00e1gina web donde informe sobre sus servicios, hay que remitirse a las frecuencias que Cotreco a\u00fan mantiene en Internet. Del listado se desprend\u00eda que el barrido le tocaba a los barrios Villa Argentina y Empalme, entre otros.<\/p>\n<p>En esa zona del sudeste de la ciudad de C\u00f3rdoba s\u00f3lo se pudo ver el barrido en la avenida Sabattini y en algunas calles de Empalme. En el resto, ni rastro de los escobillones ni de los empleados del Esop.<\/p>\n<p><strong>\u201cPositivo\u201d<\/strong><\/p>\n<p>\u201cEl balance del primer mes, en general, fue positivo. Es un servicio que estaba en dos empresas que pas\u00f3 a ser municipal, y se presta en las mismas condiciones\u201d, afirm\u00f3 Luis Brouwer de Koning, presidente del Esop y exintendente de R\u00edo Tercero.<\/p>\n<p>El directivo sostuvo que, de acuerdo a un relevamiento propio, en el Centro \u201chabr\u00eda alguna mejora\u201d respecto a la prestaci\u00f3n privada.<\/p>\n<p>\u201cEn los barrios hasta ahora es igual, va a cambiar cuando mejoremos el equipamiento. Hay cinco barredoras, una rota y las otras muy desgastadas, y la idea es cambiarlas\u201d, a\u00f1adi\u00f3.<\/p>\n<p>Seg\u00fan el directivo, se est\u00e1 realizando un ahorro respecto a la prestaci\u00f3n privada. \u201cEste mes se transfiri\u00f3 para personal 39 millones de pesos, si iba a Lusa y Cotreco era un 30 por ciento m\u00e1s\u201d, sostuvo Brouwer de Koning. La diferencia a la que apunta es producto del no pago del IVA e Ingresos Brutos por parte del ente.<\/p>\n<p>En el Esop esperan que una parte de ese ahorro se destine a mejorar el equipamiento. Hasta fin de a\u00f1o, se quiere incorporar nuevas barredoras mec\u00e1nicas y utilitarios para la supervisi\u00f3n del servicio.<\/p>\n<p>Sobre la limpieza de La Ca\u00f1ada, asegur\u00f3 que se retomar\u00e1 el servicio la semana que viene, \u201cluego de un a\u00f1o\u201d sin que se realice. Sobre ese plazo, desde Cotreco aseguran que el mantenimiento s\u00ed se hizo hasta \u00faltimo momento.<\/p>\n<p>Ayer se produjo una reuni\u00f3n con Recursos H\u00eddricos de la Provincia para terminar de acordar los t\u00e9rminos y las autorizaciones para el mantenimiento del cauce.<\/p>\n<p>Para Brouwer de Koning, se mejor\u00f3 la atenci\u00f3n en el 0800, (que a\u00fan es el de Crese), y con una decena de camiones destinados a la recolecci\u00f3n y disposici\u00f3n de restos de poda.<\/p>\n<p>Sobre la posibilidad de ejecutar obras a trav\u00e9s del Ente, el presidente manifest\u00f3 que esperan la llegada del cr\u00e9dito de 150 millones de d\u00f3lares. Los proyectos en agenda son el nudo de plaza Espa\u00f1a y la remodelaci\u00f3n del Centro.<\/p>\n<p>Fuente: La Voz del Interior<\/p>\n","protected":false},"excerpt":{"rendered":"<p>El ente municipal se hizo cargo del barrido a principios de julio. A m\u00e1s de un mes, la prestaci\u00f3n mantiene las mismas deficiencias. El municipio promete que habr\u00e1 mejoras en los barrios con la incorporaci\u00f3n de nuevo equipamiento. <\/p>\n","protected":false},"author":2,"featured_media":52125,"comment_status":"closed","ping_status":"closed","sticky":false,"template":"","format":"standard","meta":{"footnotes":""},"categories":[2],"tags":[3],"class_list":["post-52124","post","type-post","status-publish","format-standard","has-post-thumbnail","hentry","category-informe-municipal","tag-cordoba"],"_links":{"self":[{"href":"http:\/\/argentinamunicipal.com.ar\/argentina\/wp-json\/wp\/v2\/posts\/52124","targetHints":{"allow":["GET"]}}],"collection":[{"href":"http:\/\/argentinamunicipal.com.ar\/argentina\/wp-json\/wp\/v2\/posts"}],"about":[{"href":"http:\/\/argentinamunicipal.com.ar\/argentina\/wp-json\/wp\/v2\/types\/post"}],"author":[{"embeddable":true,"href":"http:\/\/argentinamunicipal.com.ar\/argentina\/wp-json\/wp\/v2\/users\/2"}],"replies":[{"embeddable":true,"href":"http:\/\/argentinamunicipal.com.ar\/argentina\/wp-json\/wp\/v2\/comments?post=52124"}],"version-history":[{"count":0,"href":"http:\/\/argentinamunicipal.com.ar\/argentina\/wp-json\/wp\/v2\/posts\/52124\/revisions"}],"wp:featuredmedia":[{"embeddable":true,"href":"http:\/\/argentinamunicipal.com.ar\/argentina\/wp-json\/wp\/v2\/media\/52125"}],"wp:attachment":[{"href":"http:\/\/argentinamunicipal.com.ar\/argentina\/wp-json\/wp\/v2\/media?parent=52124"}],"wp:term":[{"taxonomy":"category","embeddable":true,"href":"http:\/\/argentinamunicipal.com.ar\/argentina\/wp-json\/wp\/v2\/categories?post=52124"},{"taxonomy":"post_tag","embeddable":true,"href":"http:\/\/argentinamunicipal.com.ar\/argentina\/wp-json\/wp\/v2\/tags?post=52124"}],"curies":[{"name":"wp","href":"https:\/\/api.w.org\/{rel}","templated":true}]}}