{"id":52139,"date":"2016-08-11T07:20:19","date_gmt":"2016-08-11T10:20:19","guid":{"rendered":"http:\/\/argentinamunicipal.com.ar\/argentina\/?p=52139"},"modified":"2016-08-11T07:20:19","modified_gmt":"2016-08-11T10:20:19","slug":"senado-bonaerense-se-encamina-convertir-ley-la-limitacion-las-reelecciones-indefinidas","status":"publish","type":"post","link":"http:\/\/argentinamunicipal.com.ar\/argentina\/senado-bonaerense-se-encamina-convertir-ley-la-limitacion-las-reelecciones-indefinidas\/","title":{"rendered":"El Senado bonaerense se encamina a convertir en ley la limitaci\u00f3n a las reelecciones indefinidas"},"content":{"rendered":"<p>El proyecto tiene media sanci\u00f3n en Diputados y hoy ser\u00e1 tratado por la Comisi\u00f3n de Reforma Pol\u00edtica. Tambi\u00e9n debatir\u00e1n la paridad de g\u00e9nero en las listas y la reglamentaci\u00f3n del voto electr\u00f3nico.<\/p>\n<p>El Senado bonaerense se encamina a aprobar la ley que pone fin a las reelecciones indefinidas en la Provincia, un proyecto del Frente Renovador que ya fue aprobada en Diputados y limitar\u00e1 la permanencia de intendentes, legisladores y concejales en sus cargos a solo dos per\u00edodos.<\/p>\n<p>El proyecto ser\u00e1 tratado hoy en la Comisi\u00f3n de Reforma Pol\u00edtica que preside el senador Sebasti\u00e1n Galmarini y se espera que cuente con los votos necesarios para obtener un dictamen favorable. La intenci\u00f3n es aprobar la norma en la pr\u00f3xima sesi\u00f3n de la C\u00e1mara alta bonaerense.<\/p>\n<p>Sobre la ley, que fue aprobada en Diputados el pasado 16 de junio, \u201cno solamente limita las reelecciones de los intendentes, sino que abarca diputados, senadores, concejales, y consejeros escolares\u201d, explic\u00f3 Galmarini en di\u00e1logo con INFOCIELO. \u201cTerminar con esta idea de funcionarios y dirigentes que se atornillan a sus sillones le va a dar a la pol\u00edtica renovaci\u00f3n, alternancia, y la posibilidad de imprimir una nueva din\u00e1mica a la gesti\u00f3n que permita la innovaci\u00f3n y la incorporaci\u00f3n de nuevas tecnolog\u00edas\u201d, agreg\u00f3 el legislador massista.<\/p>\n<p>Junto a esta norma, una de las banderas del Frente Renovador del \u00faltimo tiempo, los senadores que integran la Comisi\u00f3n de Reforma Pol\u00edtica discutir\u00e1n esta tarde un proyecto de Galmarini que propone la \u201cparidad\u201d en las listas electorales, con 50 por ciento de hombres y 50 por ciento de mujeres. Tambi\u00e9n forma parte del temario la reglamentaci\u00f3n del voto electr\u00f3nico.<\/p>\n<p>\u201cVenimos planteando la necesidad de incorporar tecnolog\u00eda al proceso. La discusi\u00f3n no pasa por voto electr\u00f3nico s\u00ed o no, sino qu\u00e9 tipo de tecnolog\u00eda aplicamos al proceso electoral, c\u00f3mo vamos a garantizar transparencia, agilidad y seguridad sobre el proceso inform\u00e1tico, y reglamentar el ejercicio de ese instrumento para que esa modificaci\u00f3n tenga los impactos pol\u00edticos que queremos que es fortalecer los partidos pol\u00edticos\u201d, explic\u00f3 el senador. En ese sentido, hizo hincapi\u00e9 en la necesidad de \u201ctodos los cuidados necesarios y que se pueda auditar, que sea de f\u00e1cil comprensi\u00f3n y sea un salto hacia adelante\u201d.<\/p>\n<h6>Fuente: InfoCielo<\/h6>\n","protected":false},"excerpt":{"rendered":"<p>El proyecto tiene media sanci\u00f3n en Diputados y hoy ser\u00e1 tratado por la Comisi\u00f3n de Reforma Pol\u00edtica. Tambi\u00e9n debatir\u00e1n la paridad de g\u00e9nero en las listas y la reglamentaci\u00f3n del voto electr\u00f3nico.<\/p>\n","protected":false},"author":2,"featured_media":52140,"comment_status":"closed","ping_status":"closed","sticky":false,"template":"","format":"standard","meta":{"footnotes":""},"categories":[65],"tags":[12],"class_list":["post-52139","post","type-post","status-publish","format-standard","has-post-thumbnail","hentry","category-provincias","tag-buenos-aires"],"_links":{"self":[{"href":"http:\/\/argentinamunicipal.com.ar\/argentina\/wp-json\/wp\/v2\/posts\/52139","targetHints":{"allow":["GET"]}}],"collection":[{"href":"http:\/\/argentinamunicipal.com.ar\/argentina\/wp-json\/wp\/v2\/posts"}],"about":[{"href":"http:\/\/argentinamunicipal.com.ar\/argentina\/wp-json\/wp\/v2\/types\/post"}],"author":[{"embeddable":true,"href":"http:\/\/argentinamunicipal.com.ar\/argentina\/wp-json\/wp\/v2\/users\/2"}],"replies":[{"embeddable":true,"href":"http:\/\/argentinamunicipal.com.ar\/argentina\/wp-json\/wp\/v2\/comments?post=52139"}],"version-history":[{"count":0,"href":"http:\/\/argentinamunicipal.com.ar\/argentina\/wp-json\/wp\/v2\/posts\/52139\/revisions"}],"wp:featuredmedia":[{"embeddable":true,"href":"http:\/\/argentinamunicipal.com.ar\/argentina\/wp-json\/wp\/v2\/media\/52140"}],"wp:attachment":[{"href":"http:\/\/argentinamunicipal.com.ar\/argentina\/wp-json\/wp\/v2\/media?parent=52139"}],"wp:term":[{"taxonomy":"category","embeddable":true,"href":"http:\/\/argentinamunicipal.com.ar\/argentina\/wp-json\/wp\/v2\/categories?post=52139"},{"taxonomy":"post_tag","embeddable":true,"href":"http:\/\/argentinamunicipal.com.ar\/argentina\/wp-json\/wp\/v2\/tags?post=52139"}],"curies":[{"name":"wp","href":"https:\/\/api.w.org\/{rel}","templated":true}]}}